{"id":8996,"date":"2026-04-30T10:37:07","date_gmt":"2026-04-30T10:37:07","guid":{"rendered":"https:\/\/horizontesboreal.online\/?p=8996"},"modified":"2026-04-30T10:37:09","modified_gmt":"2026-04-30T10:37:09","slug":"amplio-despliegue-del-gobierno-de-la-provincia-para-llevar-ayuda-a-las-familias-afectadas-por-las-lluvias-en-villa-mailin","status":"publish","type":"post","link":"https:\/\/horizontesboreal.online\/?p=8996","title":{"rendered":"AMPLIO DESPLIEGUE DEL GOBIERNO DE LA PROVINCIA PARA LLEVAR AYUDA A LAS FAMILIAS AFECTADAS POR LAS LLUVIAS EN VILLA MAIL\u00cdN"},"content":{"rendered":"\n<p>Personal de diferentes \u00e1reas del Gobierno de la provincia lleva adelante un intenso trabajo en la localidad de Villa Mail\u00edn y poblaciones aleda\u00f1as del departamento Avellaneda que sufren las consecuencias de las lluvias torrenciales registradas en los \u00faltimos d\u00edas.<br>El gobernador El\u00edas Su\u00e1rez dispuso la movilizaci\u00f3n de personal, equipamiento y todo lo necesario para acompa\u00f1ar a las familias que fueron afectadas por este fen\u00f3meno clim\u00e1tico que marca registros pluviales at\u00edpicos.<br>Los trabajos incluye el despliegue de maquinaria y herramientas con personal id\u00f3neo para las tareas de escurrimiento del agua que cubri\u00f3 tanto calles, caminos como zonas densamente habitadas.<br>Tambi\u00e9n agentes de Defensa Civil y de Desarrollo Social, junto con la Polic\u00eda de la provincia, realizan un importante trabajo en cada domicilio, para tomar nota de las necesidades y acompa\u00f1ar a cada poblador a trav\u00e9s de un dispositivo de emergencia en el cual tambi\u00e9n est\u00e1n involucradas distintas \u00e1reas del Ministerio de Obras, Servicios P\u00fablicos y Agua.<br>Ante la proximidad de la Fiesta Grande en Honor al Se\u00f1or de los Milagros de Mail\u00edn, que se desarrolla en la primera quincena de mayo, las autoridades provinciales se plantearon como prioridad dar soluci\u00f3n a todas las familias damnificadas y reacondicionar en el menor tiempo posible los principales corredores rurales y las calles de la villa, con el fin de que los miles de fieles que llegan cada a\u00f1o puedan cumplir con la tradicional celebraci\u00f3n en las mejores condiciones posibles.<\/p>\n\n\n\n<figure class=\"is-layout-flex wp-block-gallery-1 wp-block-gallery has-nested-images columns-default is-cropped\">\n<figure class=\"wp-block-image size-large\"><img decoding=\"async\" loading=\"lazy\" width=\"577\" height=\"1024\" data-id=\"8998\"  src=\"https:\/\/horizontesboreal.online\/wp-content\/uploads\/2026\/04\/WhatsApp-Image-2026-04-24-at-19.10.09-577x1024.jpeg\" alt=\"\" class=\"wp-image-8998\" srcset=\"https:\/\/horizontesboreal.online\/wp-content\/uploads\/2026\/04\/WhatsApp-Image-2026-04-24-at-19.10.09-577x1024.jpeg 577w, https:\/\/horizontesboreal.online\/wp-content\/uploads\/2026\/04\/WhatsApp-Image-2026-04-24-at-19.10.09-169x300.jpeg 169w, https:\/\/horizontesboreal.online\/wp-content\/uploads\/2026\/04\/WhatsApp-Image-2026-04-24-at-19.10.09.jpeg 720w\" sizes=\"(max-width: 577px) 100vw, 577px\" \/><\/figure>\n<\/figure>\n\n\n\n<figure class=\"wp-block-image size-large\"><img decoding=\"async\" loading=\"lazy\" width=\"1024\" height=\"768\" src=\"http:\/\/horizontesboreal.online\/wp-content\/uploads\/2026\/02\/WhatsApp-Image-2026-02-23-at-11.55.24-1024x768.jpeg\" alt=\"\" class=\"wp-image-8728\" srcset=\"https:\/\/horizontesboreal.online\/wp-content\/uploads\/2026\/02\/WhatsApp-Image-2026-02-23-at-11.55.24-1024x768.jpeg 1024w, https:\/\/horizontesboreal.online\/wp-content\/uploads\/2026\/02\/WhatsApp-Image-2026-02-23-at-11.55.24-300x225.jpeg 300w, https:\/\/horizontesboreal.online\/wp-content\/uploads\/2026\/02\/WhatsApp-Image-2026-02-23-at-11.55.24-768x576.jpeg 768w, https:\/\/horizontesboreal.online\/wp-content\/uploads\/2026\/02\/WhatsApp-Image-2026-02-23-at-11.55.24.jpeg 1477w\" sizes=\"(max-width: 1024px) 100vw, 1024px\" \/><\/figure>\n\n\n\n<figure class=\"wp-block-image size-large\"><img decoding=\"async\" loading=\"lazy\" width=\"1024\" height=\"614\" src=\"http:\/\/horizontesboreal.online\/wp-content\/uploads\/2026\/02\/WhatsApp-Image-2026-02-23-at-11.55.23-2-1024x614.jpeg\" alt=\"\" class=\"wp-image-8724\" srcset=\"https:\/\/horizontesboreal.online\/wp-content\/uploads\/2026\/02\/WhatsApp-Image-2026-02-23-at-11.55.23-2-1024x614.jpeg 1024w, https:\/\/horizontesboreal.online\/wp-content\/uploads\/2026\/02\/WhatsApp-Image-2026-02-23-at-11.55.23-2-300x180.jpeg 300w, https:\/\/horizontesboreal.online\/wp-content\/uploads\/2026\/02\/WhatsApp-Image-2026-02-23-at-11.55.23-2-768x461.jpeg 768w, https:\/\/horizontesboreal.online\/wp-content\/uploads\/2026\/02\/WhatsApp-Image-2026-02-23-at-11.55.23-2-1536x922.jpeg 1536w, https:\/\/horizontesboreal.online\/wp-content\/uploads\/2026\/02\/WhatsApp-Image-2026-02-23-at-11.55.23-2.jpeg 1600w\" sizes=\"(max-width: 1024px) 100vw, 1024px\" \/><\/figure>\n\n\n\n<figure class=\"wp-block-image size-large\"><img decoding=\"async\" loading=\"lazy\" width=\"575\" height=\"1024\" src=\"http:\/\/horizontesboreal.online\/wp-content\/uploads\/2026\/03\/WhatsApp-Image-2025-12-23-at-10.11.59-575x1024.jpeg\" alt=\"\" class=\"wp-image-8820\" srcset=\"https:\/\/horizontesboreal.online\/wp-content\/uploads\/2026\/03\/WhatsApp-Image-2025-12-23-at-10.11.59-575x1024.jpeg 575w, https:\/\/horizontesboreal.online\/wp-content\/uploads\/2026\/03\/WhatsApp-Image-2025-12-23-at-10.11.59-169x300.jpeg 169w, https:\/\/horizontesboreal.online\/wp-content\/uploads\/2026\/03\/WhatsApp-Image-2025-12-23-at-10.11.59-768x1367.jpeg 768w, https:\/\/horizontesboreal.online\/wp-content\/uploads\/2026\/03\/WhatsApp-Image-2025-12-23-at-10.11.59-863x1536.jpeg 863w, https:\/\/horizontesboreal.online\/wp-content\/uploads\/2026\/03\/WhatsApp-Image-2025-12-23-at-10.11.59.jpeg 899w\" sizes=\"(max-width: 575px) 100vw, 575px\" \/><\/figure>\n","protected":false},"excerpt":{"rendered":"<p>Personal de diferentes \u00e1reas del Gobierno de la provincia lleva adelante un intenso trabajo en la localidad de Villa Mail\u00edn y poblaciones aleda\u00f1as del departamento Avellaneda que sufren las consecuencias de las lluvias torrenciales registradas en los \u00faltimos d\u00edas.El gobernador El\u00edas Su\u00e1rez dispuso la movilizaci\u00f3n de personal, equipamiento y todo lo necesario para acompa\u00f1ar a &hellip;<\/p>\n","protected":false},"author":4,"featured_media":8997,"comment_status":"open","ping_status":"open","sticky":false,"template":"","format":"standard","meta":[],"categories":[69],"tags":[],"yoast_head":"<!-- This site is optimized with the Yoast SEO plugin v19.9 - https:\/\/yoast.com\/wordpress\/plugins\/seo\/ -->\n<title>AMPLIO DESPLIEGUE DEL GOBIERNO DE LA PROVINCIA PARA LLEVAR AYUDA A LAS FAMILIAS AFECTADAS POR LAS LLUVIAS EN VILLA MAIL\u00cdN - RADIO HORIZONTES<\/title>\n<meta name=\"robots\" content=\"index, follow, max-snippet:-1, max-image-preview:large, max-video-preview:-1\" \/>\n<link rel=\"canonical\" href=\"https:\/\/horizontesboreal.online\/?p=8996\" \/>\n<meta property=\"og:locale\" content=\"es_ES\" \/>\n<meta property=\"og:type\" content=\"article\" \/>\n<meta property=\"og:title\" content=\"AMPLIO DESPLIEGUE DEL GOBIERNO DE LA PROVINCIA PARA LLEVAR AYUDA A LAS FAMILIAS AFECTADAS POR LAS LLUVIAS EN VILLA MAIL\u00cdN - RADIO HORIZONTES\" \/>\n<meta property=\"og:description\" content=\"Personal de diferentes \u00e1reas del Gobierno de la provincia lleva adelante un intenso trabajo en la localidad de Villa Mail\u00edn y poblaciones aleda\u00f1as del departamento Avellaneda que sufren las consecuencias de las lluvias torrenciales registradas en los \u00faltimos d\u00edas.El gobernador El\u00edas Su\u00e1rez dispuso la movilizaci\u00f3n de personal, equipamiento y todo lo necesario para acompa\u00f1ar a &hellip;\" \/>\n<meta property=\"og:url\" content=\"https:\/\/horizontesboreal.online\/?p=8996\" \/>\n<meta property=\"og:site_name\" content=\"RADIO HORIZONTES\" \/>\n<meta property=\"article:published_time\" content=\"2026-04-30T10:37:07+00:00\" \/>\n<meta property=\"article:modified_time\" content=\"2026-04-30T10:37:09+00:00\" \/>\n<meta property=\"og:image\" content=\"http:\/\/horizontesboreal.online\/wp-content\/uploads\/2026\/04\/WhatsApp-Image-2026-04-24-at-19.10.10.jpeg\" \/>\n\t<meta property=\"og:image:width\" content=\"720\" \/>\n\t<meta property=\"og:image:height\" content=\"1286\" \/>\n\t<meta property=\"og:image:type\" content=\"image\/jpeg\" \/>\n<meta name=\"author\" content=\"horizontes\" \/>\n<meta name=\"twitter:card\" content=\"summary_large_image\" \/>\n<meta name=\"twitter:label1\" content=\"Escrito por\" \/>\n\t<meta name=\"twitter:data1\" content=\"horizontes\" \/>\n\t<meta name=\"twitter:label2\" content=\"Tiempo de lectura\" \/>\n\t<meta name=\"twitter:data2\" content=\"2 minutos\" \/>\n<script type=\"application\/ld+json\" class=\"yoast-schema-graph\">{\"@context\":\"https:\/\/schema.org\",\"@graph\":[{\"@type\":\"WebPage\",\"@id\":\"https:\/\/horizontesboreal.online\/?p=8996\",\"url\":\"https:\/\/horizontesboreal.online\/?p=8996\",\"name\":\"AMPLIO DESPLIEGUE DEL GOBIERNO DE LA PROVINCIA PARA LLEVAR AYUDA A LAS FAMILIAS AFECTADAS POR LAS LLUVIAS EN VILLA MAIL\u00cdN - RADIO HORIZONTES\",\"isPartOf\":{\"@id\":\"http:\/\/horizontesboreal.online\/#website\"},\"datePublished\":\"2026-04-30T10:37:07+00:00\",\"dateModified\":\"2026-04-30T10:37:09+00:00\",\"author\":{\"@id\":\"http:\/\/horizontesboreal.online\/#\/schema\/person\/3534fe0c74a5058c5b8db67609a794a0\"},\"breadcrumb\":{\"@id\":\"https:\/\/horizontesboreal.online\/?p=8996#breadcrumb\"},\"inLanguage\":\"es\",\"potentialAction\":[{\"@type\":\"ReadAction\",\"target\":[\"https:\/\/horizontesboreal.online\/?p=8996\"]}]},{\"@type\":\"BreadcrumbList\",\"@id\":\"https:\/\/horizontesboreal.online\/?p=8996#breadcrumb\",\"itemListElement\":[{\"@type\":\"ListItem\",\"position\":1,\"name\":\"Portada\",\"item\":\"http:\/\/horizontesboreal.online\/\"},{\"@type\":\"ListItem\",\"position\":2,\"name\":\"AMPLIO DESPLIEGUE DEL GOBIERNO DE LA PROVINCIA PARA LLEVAR AYUDA A LAS FAMILIAS AFECTADAS POR LAS LLUVIAS EN VILLA MAIL\u00cdN\"}]},{\"@type\":\"WebSite\",\"@id\":\"http:\/\/horizontesboreal.online\/#website\",\"url\":\"http:\/\/horizontesboreal.online\/\",\"name\":\"RADIO HORIZONTES\",\"description\":\"\",\"potentialAction\":[{\"@type\":\"SearchAction\",\"target\":{\"@type\":\"EntryPoint\",\"urlTemplate\":\"http:\/\/horizontesboreal.online\/?s={search_term_string}\"},\"query-input\":\"required name=search_term_string\"}],\"inLanguage\":\"es\"},{\"@type\":\"Person\",\"@id\":\"http:\/\/horizontesboreal.online\/#\/schema\/person\/3534fe0c74a5058c5b8db67609a794a0\",\"name\":\"horizontes\",\"image\":{\"@type\":\"ImageObject\",\"inLanguage\":\"es\",\"@id\":\"http:\/\/horizontesboreal.online\/#\/schema\/person\/image\/\",\"url\":\"https:\/\/secure.gravatar.com\/avatar\/f6ee1541937ff3e68dac011173779bde?s=96&d=mm&r=g\",\"contentUrl\":\"https:\/\/secure.gravatar.com\/avatar\/f6ee1541937ff3e68dac011173779bde?s=96&d=mm&r=g\",\"caption\":\"horizontes\"},\"url\":\"https:\/\/horizontesboreal.online\/?author=4\"}]}<\/script>\n<!-- \/ Yoast SEO plugin. -->","yoast_head_json":{"title":"AMPLIO DESPLIEGUE DEL GOBIERNO DE LA PROVINCIA PARA LLEVAR AYUDA A LAS FAMILIAS AFECTADAS POR LAS LLUVIAS EN VILLA MAIL\u00cdN - RADIO HORIZONTES","robots":{"index":"index","follow":"follow","max-snippet":"max-snippet:-1","max-image-preview":"max-image-preview:large","max-video-preview":"max-video-preview:-1"},"canonical":"https:\/\/horizontesboreal.online\/?p=8996","og_locale":"es_ES","og_type":"article","og_title":"AMPLIO DESPLIEGUE DEL GOBIERNO DE LA PROVINCIA PARA LLEVAR AYUDA A LAS FAMILIAS AFECTADAS POR LAS LLUVIAS EN VILLA MAIL\u00cdN - RADIO HORIZONTES","og_description":"Personal de diferentes \u00e1reas del Gobierno de la provincia lleva adelante un intenso trabajo en la localidad de Villa Mail\u00edn y poblaciones aleda\u00f1as del departamento Avellaneda que sufren las consecuencias de las lluvias torrenciales registradas en los \u00faltimos d\u00edas.El gobernador El\u00edas Su\u00e1rez dispuso la movilizaci\u00f3n de personal, equipamiento y todo lo necesario para acompa\u00f1ar a &hellip;","og_url":"https:\/\/horizontesboreal.online\/?p=8996","og_site_name":"RADIO HORIZONTES","article_published_time":"2026-04-30T10:37:07+00:00","article_modified_time":"2026-04-30T10:37:09+00:00","og_image":[{"width":720,"height":1286,"url":"http:\/\/horizontesboreal.online\/wp-content\/uploads\/2026\/04\/WhatsApp-Image-2026-04-24-at-19.10.10.jpeg","type":"image\/jpeg"}],"author":"horizontes","twitter_card":"summary_large_image","twitter_misc":{"Escrito por":"horizontes","Tiempo de lectura":"2 minutos"},"schema":{"@context":"https:\/\/schema.org","@graph":[{"@type":"WebPage","@id":"https:\/\/horizontesboreal.online\/?p=8996","url":"https:\/\/horizontesboreal.online\/?p=8996","name":"AMPLIO DESPLIEGUE DEL GOBIERNO DE LA PROVINCIA PARA LLEVAR AYUDA A LAS FAMILIAS AFECTADAS POR LAS LLUVIAS EN VILLA MAIL\u00cdN - RADIO HORIZONTES","isPartOf":{"@id":"http:\/\/horizontesboreal.online\/#website"},"datePublished":"2026-04-30T10:37:07+00:00","dateModified":"2026-04-30T10:37:09+00:00","author":{"@id":"http:\/\/horizontesboreal.online\/#\/schema\/person\/3534fe0c74a5058c5b8db67609a794a0"},"breadcrumb":{"@id":"https:\/\/horizontesboreal.online\/?p=8996#breadcrumb"},"inLanguage":"es","potentialAction":[{"@type":"ReadAction","target":["https:\/\/horizontesboreal.online\/?p=8996"]}]},{"@type":"BreadcrumbList","@id":"https:\/\/horizontesboreal.online\/?p=8996#breadcrumb","itemListElement":[{"@type":"ListItem","position":1,"name":"Portada","item":"http:\/\/horizontesboreal.online\/"},{"@type":"ListItem","position":2,"name":"AMPLIO DESPLIEGUE DEL GOBIERNO DE LA PROVINCIA PARA LLEVAR AYUDA A LAS FAMILIAS AFECTADAS POR LAS LLUVIAS EN VILLA MAIL\u00cdN"}]},{"@type":"WebSite","@id":"http:\/\/horizontesboreal.online\/#website","url":"http:\/\/horizontesboreal.online\/","name":"RADIO HORIZONTES","description":"","potentialAction":[{"@type":"SearchAction","target":{"@type":"EntryPoint","urlTemplate":"http:\/\/horizontesboreal.online\/?s={search_term_string}"},"query-input":"required name=search_term_string"}],"inLanguage":"es"},{"@type":"Person","@id":"http:\/\/horizontesboreal.online\/#\/schema\/person\/3534fe0c74a5058c5b8db67609a794a0","name":"horizontes","image":{"@type":"ImageObject","inLanguage":"es","@id":"http:\/\/horizontesboreal.online\/#\/schema\/person\/image\/","url":"https:\/\/secure.gravatar.com\/avatar\/f6ee1541937ff3e68dac011173779bde?s=96&d=mm&r=g","contentUrl":"https:\/\/secure.gravatar.com\/avatar\/f6ee1541937ff3e68dac011173779bde?s=96&d=mm&r=g","caption":"horizontes"},"url":"https:\/\/horizontesboreal.online\/?author=4"}]}},"_links":{"self":[{"href":"https:\/\/horizontesboreal.online\/index.php?rest_route=\/wp\/v2\/posts\/8996"}],"collection":[{"href":"https:\/\/horizontesboreal.online\/index.php?rest_route=\/wp\/v2\/posts"}],"about":[{"href":"https:\/\/horizontesboreal.online\/index.php?rest_route=\/wp\/v2\/types\/post"}],"author":[{"embeddable":true,"href":"https:\/\/horizontesboreal.online\/index.php?rest_route=\/wp\/v2\/users\/4"}],"replies":[{"embeddable":true,"href":"https:\/\/horizontesboreal.online\/index.php?rest_route=%2Fwp%2Fv2%2Fcomments&post=8996"}],"version-history":[{"count":1,"href":"https:\/\/horizontesboreal.online\/index.php?rest_route=\/wp\/v2\/posts\/8996\/revisions"}],"predecessor-version":[{"id":8999,"href":"https:\/\/horizontesboreal.online\/index.php?rest_route=\/wp\/v2\/posts\/8996\/revisions\/8999"}],"wp:featuredmedia":[{"embeddable":true,"href":"https:\/\/horizontesboreal.online\/index.php?rest_route=\/wp\/v2\/media\/8997"}],"wp:attachment":[{"href":"https:\/\/horizontesboreal.online\/index.php?rest_route=%2Fwp%2Fv2%2Fmedia&parent=8996"}],"wp:term":[{"taxonomy":"category","embeddable":true,"href":"https:\/\/horizontesboreal.online\/index.php?rest_route=%2Fwp%2Fv2%2Fcategories&post=8996"},{"taxonomy":"post_tag","embeddable":true,"href":"https:\/\/horizontesboreal.online\/index.php?rest_route=%2Fwp%2Fv2%2Ftags&post=8996"}],"curies":[{"name":"wp","href":"https:\/\/api.w.org\/{rel}","templated":true}]}}