{"id":9000,"date":"2026-04-30T10:47:11","date_gmt":"2026-04-30T10:47:11","guid":{"rendered":"https:\/\/horizontesboreal.online\/?p=9000"},"modified":"2026-04-30T10:47:12","modified_gmt":"2026-04-30T10:47:12","slug":"el-gobernador-elias-suarez-presidio-el-acto-por-el-206-aniversario-de-la-autonomia-provincial","status":"publish","type":"post","link":"https:\/\/horizontesboreal.online\/?p=9000","title":{"rendered":"El gobernador El\u00edas Su\u00e1rez presidi\u00f3 el acto por el 206\u00b0 Aniversario de la Autonom\u00eda Provincial"},"content":{"rendered":"\n<p>El gobernador El\u00edas Su\u00e1rez&nbsp;presidi\u00f3 este lunes por la ma\u00f1ana el acto central por el&nbsp;206\u00b0 Aniversario de la Autonom\u00eda Provincial, desarrollado en inmediaciones del&nbsp;Parque Aguirre de la ciudad Capital.<br>Acompa\u00f1aron al mandatario el vicegobernador&nbsp;Carlos Silva Neder; el senador Gerardo Zamora; el jefe de Gabinete,&nbsp;V\u00edctor Araujo; la intendente de la Capital,&nbsp;Norma Fuentes; ministros, representantes del Poder Judicial, legisladores, miembros de las Fuerzas Armadas e invitados especiales.<br>Las actividades protocolares iniciaron con el&nbsp;izamiento de banderas y ofrendas florales&nbsp;en memoria de&nbsp;Juan Francisco Borges y Juan Felipe Ibarra.<br>En la oportunidad, representantes de la Compa\u00f1\u00eda de Arte Nativo brindaron un breve espect\u00e1culo de malambo.<br>En la ceremonia formal el padre Luis Cruz realiz\u00f3 la invocaci\u00f3n religiosa y luego el director de Patrimonio Cultural de la provincia,&nbsp;Alejandro Yocca brind\u00f3 palabras alusivas, donde reflexion\u00f3 sobre la importancia de la libertad y la autonom\u00eda en un contexto global complejo, \u00abque no respeta nuestros intereses ni nuestro sistema democr\u00e1tico\u00bb.<br>Al concluir asegur\u00f3: \u00abEste d\u00eda debe ser para recordar la historia de la autonom\u00eda de Santiago del Estero y la madurez de nuestros antepasados, destacando que hoy renovamos esos valores defendiendo un proyecto propio para el desarrollo de nuestra comunidad. Hay un plan y una visi\u00f3n local que debemos sostener y fortalecer\u00bb.<br>En el cierre, se llev\u00f3 adelante la toma de&nbsp;promesa de lealtad a la Bandera de Santiago del Estero&nbsp;a&nbsp;los cadetes del cuarto a\u00f1o del Liceo Policial Coronel Juan Francisco Borges, por parte de la comisaria Candelaria \u00c1balos.<\/p>\n\n\n\n<p>Declaraciones del gobernador<\/p>\n\n\n\n<p>En di\u00e1logo con lo medios, el gobernador Su\u00e1rez expres\u00f3: \u00abEstoy contento por estar conmemorando el 206\u00b0 aniversario de nuestra autonom\u00eda, revalorizando conceptos que nos dejaron Borges e Ibarra, y de los cuales somos custodios todos los santiague\u00f1os. Un mensaje que nos interpela a todos porque nos marca el rumbo y ponemos todo nuestro esfuerzo, todo el pueblo de la provincia unido atr\u00e1s de un objetivo en com\u00fan, que Santiago del Estero sea verdaderamente una tierra de encuentro, de paz, de trabajo, aportando todo a una identidad propia, una identidad nacional que de la cual hoy nos sentimos muy orgullosos\u00bb.<br>Continu\u00f3 y sostuvo que es \u00abuna jornada en un contexto nacional adverso, pero Santiago siempre tratando de marcar la diferencia y ha puesto todo lo que est\u00e9 a su alcance para poder superar los momentos dif\u00edciles que nos toca atravesar\u00bb.<br>Al finalizar se refiri\u00f3 al mensaje anual. \u00abHoy me corresponde dar el mensaje de la marcha y acci\u00f3n de gobierno, y lo vamos a hacer, tratando de explicarle a toda la gente lo que venimos haciendo y lo que nos proponemos hacer\u00bb, dijo.<\/p>\n\n\n\n<figure class=\"is-layout-flex wp-block-gallery-1 wp-block-gallery has-nested-images columns-default is-cropped\">\n<figure class=\"wp-block-image size-large\"><img decoding=\"async\" loading=\"lazy\" width=\"1024\" height=\"683\" data-id=\"9004\"  src=\"https:\/\/horizontesboreal.online\/wp-content\/uploads\/2026\/04\/WhatsApp-Image-2026-04-27-at-10.16.19-1024x683.jpeg\" alt=\"\" class=\"wp-image-9004\" srcset=\"https:\/\/horizontesboreal.online\/wp-content\/uploads\/2026\/04\/WhatsApp-Image-2026-04-27-at-10.16.19-1024x683.jpeg 1024w, https:\/\/horizontesboreal.online\/wp-content\/uploads\/2026\/04\/WhatsApp-Image-2026-04-27-at-10.16.19-300x200.jpeg 300w, https:\/\/horizontesboreal.online\/wp-content\/uploads\/2026\/04\/WhatsApp-Image-2026-04-27-at-10.16.19-768x512.jpeg 768w, https:\/\/horizontesboreal.online\/wp-content\/uploads\/2026\/04\/WhatsApp-Image-2026-04-27-at-10.16.19-1536x1024.jpeg 1536w, https:\/\/horizontesboreal.online\/wp-content\/uploads\/2026\/04\/WhatsApp-Image-2026-04-27-at-10.16.19-2048x1365.jpeg 2048w\" sizes=\"(max-width: 1024px) 100vw, 1024px\" \/><\/figure>\n\n\n\n<figure class=\"wp-block-image size-large\"><img decoding=\"async\" loading=\"lazy\" width=\"1024\" height=\"683\" data-id=\"9002\"  src=\"https:\/\/horizontesboreal.online\/wp-content\/uploads\/2026\/04\/WhatsApp-Image-2026-04-27-at-10.16.18-1-1024x683.jpeg\" alt=\"\" class=\"wp-image-9002\" srcset=\"https:\/\/horizontesboreal.online\/wp-content\/uploads\/2026\/04\/WhatsApp-Image-2026-04-27-at-10.16.18-1-1024x683.jpeg 1024w, https:\/\/horizontesboreal.online\/wp-content\/uploads\/2026\/04\/WhatsApp-Image-2026-04-27-at-10.16.18-1-300x200.jpeg 300w, https:\/\/horizontesboreal.online\/wp-content\/uploads\/2026\/04\/WhatsApp-Image-2026-04-27-at-10.16.18-1-768x512.jpeg 768w, https:\/\/horizontesboreal.online\/wp-content\/uploads\/2026\/04\/WhatsApp-Image-2026-04-27-at-10.16.18-1-1536x1024.jpeg 1536w, https:\/\/horizontesboreal.online\/wp-content\/uploads\/2026\/04\/WhatsApp-Image-2026-04-27-at-10.16.18-1-2048x1365.jpeg 2048w\" sizes=\"(max-width: 1024px) 100vw, 1024px\" \/><\/figure>\n\n\n\n<figure class=\"wp-block-image size-large\"><img decoding=\"async\" loading=\"lazy\" width=\"1024\" height=\"683\" data-id=\"9003\"  src=\"https:\/\/horizontesboreal.online\/wp-content\/uploads\/2026\/04\/WhatsApp-Image-2026-04-27-at-10.16.18-1024x683.jpeg\" alt=\"\" class=\"wp-image-9003\" srcset=\"https:\/\/horizontesboreal.online\/wp-content\/uploads\/2026\/04\/WhatsApp-Image-2026-04-27-at-10.16.18-1024x683.jpeg 1024w, https:\/\/horizontesboreal.online\/wp-content\/uploads\/2026\/04\/WhatsApp-Image-2026-04-27-at-10.16.18-300x200.jpeg 300w, https:\/\/horizontesboreal.online\/wp-content\/uploads\/2026\/04\/WhatsApp-Image-2026-04-27-at-10.16.18-768x512.jpeg 768w, https:\/\/horizontesboreal.online\/wp-content\/uploads\/2026\/04\/WhatsApp-Image-2026-04-27-at-10.16.18-1536x1024.jpeg 1536w, https:\/\/horizontesboreal.online\/wp-content\/uploads\/2026\/04\/WhatsApp-Image-2026-04-27-at-10.16.18-2048x1365.jpeg 2048w\" sizes=\"(max-width: 1024px) 100vw, 1024px\" \/><\/figure>\n<\/figure>\n\n\n\n<figure class=\"is-layout-flex wp-block-gallery-3 wp-block-gallery has-nested-images columns-default is-cropped\">\n<figure class=\"wp-block-image size-large\"><img decoding=\"async\" loading=\"lazy\" width=\"1024\" height=\"681\" data-id=\"9005\"  src=\"https:\/\/horizontesboreal.online\/wp-content\/uploads\/2026\/04\/WhatsApp-Image-2026-04-27-at-10.14.19-1024x681.jpeg\" alt=\"\" class=\"wp-image-9005\" srcset=\"https:\/\/horizontesboreal.online\/wp-content\/uploads\/2026\/04\/WhatsApp-Image-2026-04-27-at-10.14.19-1024x681.jpeg 1024w, https:\/\/horizontesboreal.online\/wp-content\/uploads\/2026\/04\/WhatsApp-Image-2026-04-27-at-10.14.19-300x200.jpeg 300w, https:\/\/horizontesboreal.online\/wp-content\/uploads\/2026\/04\/WhatsApp-Image-2026-04-27-at-10.14.19-768x511.jpeg 768w, https:\/\/horizontesboreal.online\/wp-content\/uploads\/2026\/04\/WhatsApp-Image-2026-04-27-at-10.14.19-1536x1021.jpeg 1536w, https:\/\/horizontesboreal.online\/wp-content\/uploads\/2026\/04\/WhatsApp-Image-2026-04-27-at-10.14.19-310x205.jpeg 310w, https:\/\/horizontesboreal.online\/wp-content\/uploads\/2026\/04\/WhatsApp-Image-2026-04-27-at-10.14.19.jpeg 1600w\" sizes=\"(max-width: 1024px) 100vw, 1024px\" \/><\/figure>\n\n\n\n<figure class=\"wp-block-image size-large\"><img decoding=\"async\" loading=\"lazy\" width=\"1024\" height=\"681\" data-id=\"9006\"  src=\"https:\/\/horizontesboreal.online\/wp-content\/uploads\/2026\/04\/WhatsApp-Image-2026-04-27-at-10.14.18-1-1024x681.jpeg\" alt=\"\" class=\"wp-image-9006\" srcset=\"https:\/\/horizontesboreal.online\/wp-content\/uploads\/2026\/04\/WhatsApp-Image-2026-04-27-at-10.14.18-1-1024x681.jpeg 1024w, https:\/\/horizontesboreal.online\/wp-content\/uploads\/2026\/04\/WhatsApp-Image-2026-04-27-at-10.14.18-1-300x200.jpeg 300w, https:\/\/horizontesboreal.online\/wp-content\/uploads\/2026\/04\/WhatsApp-Image-2026-04-27-at-10.14.18-1-768x511.jpeg 768w, https:\/\/horizontesboreal.online\/wp-content\/uploads\/2026\/04\/WhatsApp-Image-2026-04-27-at-10.14.18-1-1536x1021.jpeg 1536w, https:\/\/horizontesboreal.online\/wp-content\/uploads\/2026\/04\/WhatsApp-Image-2026-04-27-at-10.14.18-1-310x205.jpeg 310w, https:\/\/horizontesboreal.online\/wp-content\/uploads\/2026\/04\/WhatsApp-Image-2026-04-27-at-10.14.18-1.jpeg 1600w\" sizes=\"(max-width: 1024px) 100vw, 1024px\" \/><\/figure>\n<\/figure>\n\n\n\n<figure class=\"wp-block-image size-large\"><img decoding=\"async\" loading=\"lazy\" width=\"1024\" height=\"462\" src=\"http:\/\/horizontesboreal.online\/wp-content\/uploads\/2026\/02\/WhatsApp-Image-2026-02-23-at-11.55.23-1024x462.jpeg\" alt=\"\" class=\"wp-image-8725\" srcset=\"https:\/\/horizontesboreal.online\/wp-content\/uploads\/2026\/02\/WhatsApp-Image-2026-02-23-at-11.55.23-1024x462.jpeg 1024w, https:\/\/horizontesboreal.online\/wp-content\/uploads\/2026\/02\/WhatsApp-Image-2026-02-23-at-11.55.23-300x135.jpeg 300w, https:\/\/horizontesboreal.online\/wp-content\/uploads\/2026\/02\/WhatsApp-Image-2026-02-23-at-11.55.23-768x347.jpeg 768w, https:\/\/horizontesboreal.online\/wp-content\/uploads\/2026\/02\/WhatsApp-Image-2026-02-23-at-11.55.23-1536x693.jpeg 1536w, https:\/\/horizontesboreal.online\/wp-content\/uploads\/2026\/02\/WhatsApp-Image-2026-02-23-at-11.55.23.jpeg 1600w\" sizes=\"(max-width: 1024px) 100vw, 1024px\" \/><\/figure>\n\n\n\n<figure class=\"is-layout-flex wp-block-gallery-5 wp-block-gallery has-nested-images columns-default is-cropped\">\n<figure class=\"wp-block-image size-large\"><img decoding=\"async\" loading=\"lazy\" width=\"1024\" height=\"819\" data-id=\"8723\"  src=\"https:\/\/horizontesboreal.online\/wp-content\/uploads\/2026\/02\/WhatsApp-Image-2026-02-23-at-11.34.26-1024x819.jpeg\" alt=\"\" class=\"wp-image-8723\" srcset=\"https:\/\/horizontesboreal.online\/wp-content\/uploads\/2026\/02\/WhatsApp-Image-2026-02-23-at-11.34.26-1024x819.jpeg 1024w, https:\/\/horizontesboreal.online\/wp-content\/uploads\/2026\/02\/WhatsApp-Image-2026-02-23-at-11.34.26-300x240.jpeg 300w, https:\/\/horizontesboreal.online\/wp-content\/uploads\/2026\/02\/WhatsApp-Image-2026-02-23-at-11.34.26-768x614.jpeg 768w, https:\/\/horizontesboreal.online\/wp-content\/uploads\/2026\/02\/WhatsApp-Image-2026-02-23-at-11.34.26-1536x1228.jpeg 1536w, https:\/\/horizontesboreal.online\/wp-content\/uploads\/2026\/02\/WhatsApp-Image-2026-02-23-at-11.34.26.jpeg 1600w\" sizes=\"(max-width: 1024px) 100vw, 1024px\" \/><\/figure>\n<\/figure>\n\n\n\n<figure class=\"wp-block-image size-large\"><img decoding=\"async\" loading=\"lazy\" width=\"575\" height=\"1024\" src=\"http:\/\/horizontesboreal.online\/wp-content\/uploads\/2026\/03\/WhatsApp-Image-2025-12-23-at-10.11.59-575x1024.jpeg\" alt=\"\" class=\"wp-image-8820\" srcset=\"https:\/\/horizontesboreal.online\/wp-content\/uploads\/2026\/03\/WhatsApp-Image-2025-12-23-at-10.11.59-575x1024.jpeg 575w, https:\/\/horizontesboreal.online\/wp-content\/uploads\/2026\/03\/WhatsApp-Image-2025-12-23-at-10.11.59-169x300.jpeg 169w, https:\/\/horizontesboreal.online\/wp-content\/uploads\/2026\/03\/WhatsApp-Image-2025-12-23-at-10.11.59-768x1367.jpeg 768w, https:\/\/horizontesboreal.online\/wp-content\/uploads\/2026\/03\/WhatsApp-Image-2025-12-23-at-10.11.59-863x1536.jpeg 863w, https:\/\/horizontesboreal.online\/wp-content\/uploads\/2026\/03\/WhatsApp-Image-2025-12-23-at-10.11.59.jpeg 899w\" sizes=\"(max-width: 575px) 100vw, 575px\" \/><\/figure>\n","protected":false},"excerpt":{"rendered":"<p>El gobernador El\u00edas Su\u00e1rez&nbsp;presidi\u00f3 este lunes por la ma\u00f1ana el acto central por el&nbsp;206\u00b0 Aniversario de la Autonom\u00eda Provincial, desarrollado en inmediaciones del&nbsp;Parque Aguirre de la ciudad Capital.Acompa\u00f1aron al mandatario el vicegobernador&nbsp;Carlos Silva Neder; el senador Gerardo Zamora; el jefe de Gabinete,&nbsp;V\u00edctor Araujo; la intendente de la Capital,&nbsp;Norma Fuentes; ministros, representantes del Poder Judicial, legisladores, &hellip;<\/p>\n","protected":false},"author":4,"featured_media":9001,"comment_status":"open","ping_status":"open","sticky":false,"template":"","format":"standard","meta":[],"categories":[101],"tags":[],"yoast_head":"<!-- This site is optimized with the Yoast SEO plugin v19.9 - https:\/\/yoast.com\/wordpress\/plugins\/seo\/ -->\n<title>El gobernador El\u00edas Su\u00e1rez presidi\u00f3 el acto por el 206\u00b0 Aniversario de la Autonom\u00eda Provincial - RADIO HORIZONTES<\/title>\n<meta name=\"robots\" content=\"index, follow, max-snippet:-1, max-image-preview:large, max-video-preview:-1\" \/>\n<link rel=\"canonical\" href=\"https:\/\/horizontesboreal.online\/?p=9000\" \/>\n<meta property=\"og:locale\" content=\"es_ES\" \/>\n<meta property=\"og:type\" content=\"article\" \/>\n<meta property=\"og:title\" content=\"El gobernador El\u00edas Su\u00e1rez presidi\u00f3 el acto por el 206\u00b0 Aniversario de la Autonom\u00eda Provincial - RADIO HORIZONTES\" \/>\n<meta property=\"og:description\" content=\"El gobernador El\u00edas Su\u00e1rez&nbsp;presidi\u00f3 este lunes por la ma\u00f1ana el acto central por el&nbsp;206\u00b0 Aniversario de la Autonom\u00eda Provincial, desarrollado en inmediaciones del&nbsp;Parque Aguirre de la ciudad Capital.Acompa\u00f1aron al mandatario el vicegobernador&nbsp;Carlos Silva Neder; el senador Gerardo Zamora; el jefe de Gabinete,&nbsp;V\u00edctor Araujo; la intendente de la Capital,&nbsp;Norma Fuentes; ministros, representantes del Poder Judicial, legisladores, &hellip;\" \/>\n<meta property=\"og:url\" content=\"https:\/\/horizontesboreal.online\/?p=9000\" \/>\n<meta property=\"og:site_name\" content=\"RADIO HORIZONTES\" \/>\n<meta property=\"article:published_time\" content=\"2026-04-30T10:47:11+00:00\" \/>\n<meta property=\"article:modified_time\" content=\"2026-04-30T10:47:12+00:00\" \/>\n<meta property=\"og:image\" content=\"http:\/\/horizontesboreal.online\/wp-content\/uploads\/2026\/04\/WhatsApp-Image-2026-04-27-at-10.14.18.jpeg\" \/>\n\t<meta property=\"og:image:width\" content=\"1600\" \/>\n\t<meta property=\"og:image:height\" content=\"1064\" \/>\n\t<meta property=\"og:image:type\" content=\"image\/jpeg\" \/>\n<meta name=\"author\" content=\"horizontes\" \/>\n<meta name=\"twitter:card\" content=\"summary_large_image\" \/>\n<meta name=\"twitter:label1\" content=\"Escrito por\" \/>\n\t<meta name=\"twitter:data1\" content=\"horizontes\" \/>\n\t<meta name=\"twitter:label2\" content=\"Tiempo de lectura\" \/>\n\t<meta name=\"twitter:data2\" content=\"4 minutos\" \/>\n<script type=\"application\/ld+json\" class=\"yoast-schema-graph\">{\"@context\":\"https:\/\/schema.org\",\"@graph\":[{\"@type\":\"WebPage\",\"@id\":\"https:\/\/horizontesboreal.online\/?p=9000\",\"url\":\"https:\/\/horizontesboreal.online\/?p=9000\",\"name\":\"El gobernador El\u00edas Su\u00e1rez presidi\u00f3 el acto por el 206\u00b0 Aniversario de la Autonom\u00eda Provincial - RADIO HORIZONTES\",\"isPartOf\":{\"@id\":\"http:\/\/horizontesboreal.online\/#website\"},\"datePublished\":\"2026-04-30T10:47:11+00:00\",\"dateModified\":\"2026-04-30T10:47:12+00:00\",\"author\":{\"@id\":\"http:\/\/horizontesboreal.online\/#\/schema\/person\/3534fe0c74a5058c5b8db67609a794a0\"},\"breadcrumb\":{\"@id\":\"https:\/\/horizontesboreal.online\/?p=9000#breadcrumb\"},\"inLanguage\":\"es\",\"potentialAction\":[{\"@type\":\"ReadAction\",\"target\":[\"https:\/\/horizontesboreal.online\/?p=9000\"]}]},{\"@type\":\"BreadcrumbList\",\"@id\":\"https:\/\/horizontesboreal.online\/?p=9000#breadcrumb\",\"itemListElement\":[{\"@type\":\"ListItem\",\"position\":1,\"name\":\"Portada\",\"item\":\"http:\/\/horizontesboreal.online\/\"},{\"@type\":\"ListItem\",\"position\":2,\"name\":\"El gobernador El\u00edas Su\u00e1rez presidi\u00f3 el acto por el 206\u00b0 Aniversario de la Autonom\u00eda Provincial\"}]},{\"@type\":\"WebSite\",\"@id\":\"http:\/\/horizontesboreal.online\/#website\",\"url\":\"http:\/\/horizontesboreal.online\/\",\"name\":\"RADIO HORIZONTES\",\"description\":\"\",\"potentialAction\":[{\"@type\":\"SearchAction\",\"target\":{\"@type\":\"EntryPoint\",\"urlTemplate\":\"http:\/\/horizontesboreal.online\/?s={search_term_string}\"},\"query-input\":\"required name=search_term_string\"}],\"inLanguage\":\"es\"},{\"@type\":\"Person\",\"@id\":\"http:\/\/horizontesboreal.online\/#\/schema\/person\/3534fe0c74a5058c5b8db67609a794a0\",\"name\":\"horizontes\",\"image\":{\"@type\":\"ImageObject\",\"inLanguage\":\"es\",\"@id\":\"http:\/\/horizontesboreal.online\/#\/schema\/person\/image\/\",\"url\":\"https:\/\/secure.gravatar.com\/avatar\/f6ee1541937ff3e68dac011173779bde?s=96&d=mm&r=g\",\"contentUrl\":\"https:\/\/secure.gravatar.com\/avatar\/f6ee1541937ff3e68dac011173779bde?s=96&d=mm&r=g\",\"caption\":\"horizontes\"},\"url\":\"https:\/\/horizontesboreal.online\/?author=4\"}]}<\/script>\n<!-- \/ Yoast SEO plugin. -->","yoast_head_json":{"title":"El gobernador El\u00edas Su\u00e1rez presidi\u00f3 el acto por el 206\u00b0 Aniversario de la Autonom\u00eda Provincial - RADIO HORIZONTES","robots":{"index":"index","follow":"follow","max-snippet":"max-snippet:-1","max-image-preview":"max-image-preview:large","max-video-preview":"max-video-preview:-1"},"canonical":"https:\/\/horizontesboreal.online\/?p=9000","og_locale":"es_ES","og_type":"article","og_title":"El gobernador El\u00edas Su\u00e1rez presidi\u00f3 el acto por el 206\u00b0 Aniversario de la Autonom\u00eda Provincial - RADIO HORIZONTES","og_description":"El gobernador El\u00edas Su\u00e1rez&nbsp;presidi\u00f3 este lunes por la ma\u00f1ana el acto central por el&nbsp;206\u00b0 Aniversario de la Autonom\u00eda Provincial, desarrollado en inmediaciones del&nbsp;Parque Aguirre de la ciudad Capital.Acompa\u00f1aron al mandatario el vicegobernador&nbsp;Carlos Silva Neder; el senador Gerardo Zamora; el jefe de Gabinete,&nbsp;V\u00edctor Araujo; la intendente de la Capital,&nbsp;Norma Fuentes; ministros, representantes del Poder Judicial, legisladores, &hellip;","og_url":"https:\/\/horizontesboreal.online\/?p=9000","og_site_name":"RADIO HORIZONTES","article_published_time":"2026-04-30T10:47:11+00:00","article_modified_time":"2026-04-30T10:47:12+00:00","og_image":[{"width":1600,"height":1064,"url":"http:\/\/horizontesboreal.online\/wp-content\/uploads\/2026\/04\/WhatsApp-Image-2026-04-27-at-10.14.18.jpeg","type":"image\/jpeg"}],"author":"horizontes","twitter_card":"summary_large_image","twitter_misc":{"Escrito por":"horizontes","Tiempo de lectura":"4 minutos"},"schema":{"@context":"https:\/\/schema.org","@graph":[{"@type":"WebPage","@id":"https:\/\/horizontesboreal.online\/?p=9000","url":"https:\/\/horizontesboreal.online\/?p=9000","name":"El gobernador El\u00edas Su\u00e1rez presidi\u00f3 el acto por el 206\u00b0 Aniversario de la Autonom\u00eda Provincial - RADIO HORIZONTES","isPartOf":{"@id":"http:\/\/horizontesboreal.online\/#website"},"datePublished":"2026-04-30T10:47:11+00:00","dateModified":"2026-04-30T10:47:12+00:00","author":{"@id":"http:\/\/horizontesboreal.online\/#\/schema\/person\/3534fe0c74a5058c5b8db67609a794a0"},"breadcrumb":{"@id":"https:\/\/horizontesboreal.online\/?p=9000#breadcrumb"},"inLanguage":"es","potentialAction":[{"@type":"ReadAction","target":["https:\/\/horizontesboreal.online\/?p=9000"]}]},{"@type":"BreadcrumbList","@id":"https:\/\/horizontesboreal.online\/?p=9000#breadcrumb","itemListElement":[{"@type":"ListItem","position":1,"name":"Portada","item":"http:\/\/horizontesboreal.online\/"},{"@type":"ListItem","position":2,"name":"El gobernador El\u00edas Su\u00e1rez presidi\u00f3 el acto por el 206\u00b0 Aniversario de la Autonom\u00eda Provincial"}]},{"@type":"WebSite","@id":"http:\/\/horizontesboreal.online\/#website","url":"http:\/\/horizontesboreal.online\/","name":"RADIO HORIZONTES","description":"","potentialAction":[{"@type":"SearchAction","target":{"@type":"EntryPoint","urlTemplate":"http:\/\/horizontesboreal.online\/?s={search_term_string}"},"query-input":"required name=search_term_string"}],"inLanguage":"es"},{"@type":"Person","@id":"http:\/\/horizontesboreal.online\/#\/schema\/person\/3534fe0c74a5058c5b8db67609a794a0","name":"horizontes","image":{"@type":"ImageObject","inLanguage":"es","@id":"http:\/\/horizontesboreal.online\/#\/schema\/person\/image\/","url":"https:\/\/secure.gravatar.com\/avatar\/f6ee1541937ff3e68dac011173779bde?s=96&d=mm&r=g","contentUrl":"https:\/\/secure.gravatar.com\/avatar\/f6ee1541937ff3e68dac011173779bde?s=96&d=mm&r=g","caption":"horizontes"},"url":"https:\/\/horizontesboreal.online\/?author=4"}]}},"_links":{"self":[{"href":"https:\/\/horizontesboreal.online\/index.php?rest_route=\/wp\/v2\/posts\/9000"}],"collection":[{"href":"https:\/\/horizontesboreal.online\/index.php?rest_route=\/wp\/v2\/posts"}],"about":[{"href":"https:\/\/horizontesboreal.online\/index.php?rest_route=\/wp\/v2\/types\/post"}],"author":[{"embeddable":true,"href":"https:\/\/horizontesboreal.online\/index.php?rest_route=\/wp\/v2\/users\/4"}],"replies":[{"embeddable":true,"href":"https:\/\/horizontesboreal.online\/index.php?rest_route=%2Fwp%2Fv2%2Fcomments&post=9000"}],"version-history":[{"count":1,"href":"https:\/\/horizontesboreal.online\/index.php?rest_route=\/wp\/v2\/posts\/9000\/revisions"}],"predecessor-version":[{"id":9007,"href":"https:\/\/horizontesboreal.online\/index.php?rest_route=\/wp\/v2\/posts\/9000\/revisions\/9007"}],"wp:featuredmedia":[{"embeddable":true,"href":"https:\/\/horizontesboreal.online\/index.php?rest_route=\/wp\/v2\/media\/9001"}],"wp:attachment":[{"href":"https:\/\/horizontesboreal.online\/index.php?rest_route=%2Fwp%2Fv2%2Fmedia&parent=9000"}],"wp:term":[{"taxonomy":"category","embeddable":true,"href":"https:\/\/horizontesboreal.online\/index.php?rest_route=%2Fwp%2Fv2%2Fcategories&post=9000"},{"taxonomy":"post_tag","embeddable":true,"href":"https:\/\/horizontesboreal.online\/index.php?rest_route=%2Fwp%2Fv2%2Ftags&post=9000"}],"curies":[{"name":"wp","href":"https:\/\/api.w.org\/{rel}","templated":true}]}}