{"id":9019,"date":"2026-04-30T11:09:17","date_gmt":"2026-04-30T11:09:17","guid":{"rendered":"https:\/\/horizontesboreal.online\/?p=9019"},"modified":"2026-04-30T11:09:18","modified_gmt":"2026-04-30T11:09:18","slug":"el-gobernador-participo-de-una-reunion-con-autoridades-de-la-sociedad-rural-argentina-en-quimili","status":"publish","type":"post","link":"https:\/\/horizontesboreal.online\/?p=9019","title":{"rendered":"EL GOBERNADOR PARTICIP\u00d3 DE UNA REUNI\u00d3N CON AUTORIDADES DE LA SOCIEDAD RURAL ARGENTINA EN QUIMIL\u00cd"},"content":{"rendered":"\n<p>\u00abSi a la producci\u00f3n le va bien, a la provincia le va bien\u201d, expres\u00f3 el gobernador El\u00edas Su\u00e1rez durante su participaci\u00f3n en la reuni\u00f3n de comisi\u00f3n directiva ampliada de la Sociedad Rural Argentina, que se desarroll\u00f3 este martes en el predio de la Sociedad Rural del Noreste Santiague\u00f1o, ubicado en la ciudad de Quimil\u00ed.<\/p>\n\n\n\n<p>Con la presencia del presidente de la Sociedad Rural Argentina, Nicol\u00e1s Pino; el titular de la Sociedad Rural de Quimil\u00ed, Jos\u00e9 Manubens y el intendente local, Diego Ponti, junto con directores distritales de Chaco, Tucum\u00e1n y C\u00f3rdoba. Acompa\u00f1aron al mandatario el vicegobernador Carlos Silva Neder; el jefe de Gabinete, V\u00edctor Araujo, y el ministro de la Producci\u00f3n, N\u00e9stor Machado.<\/p>\n\n\n\n<p>Asimismo, estuvieron representantes de las entidades rurales de Bandera, Fr\u00edas y Tintina; miembros de Apadram, productores y referentes del sector quienes participaron de la jornada de trabajo orientada al an\u00e1lisis de la realidad productiva del norte argentino, al fortalecimiento del v\u00ednculo institucional con la provincia y de la cual surge una agenda de trabajo conjunto entre el sector y el gobierno.<\/p>\n\n\n\n<p>Manubens dio las palabras de bienvenida y destac\u00f3 la presencia de las autoridades de la provincia y su inter\u00e9s para debatir ideas y construir alternativas a diferentes contingencias.<\/p>\n\n\n\n<p>Con relaci\u00f3n a la actividad productiva y su situaci\u00f3n actual, consider\u00f3 necesario trabajar juntos para el fortalecimiento del sistema productivo para consolidar el crecimiento logrado. \u201cPensar que somos el principal aporte genuino de divisas a la provincia. Somos la novena provincia de exportaciones a nivel global del pa\u00eds y a\u00fan tenemos un vasto territorio que debemos poner en producci\u00f3n sin dejar de tener la mirada ambiental\u201d, se\u00f1al\u00f3.<\/p>\n\n\n\n<p>\u201cEste n\u00famero debemos acrecentarlo porque esto conlleva el desarrollo de los pueblos, el crecimiento social y el trabajo privado que nos engrandece y nos hace libres. Debemos pensar en industrializar en origen la producci\u00f3n primaria de la provincia. Que sirva este encuentro para fortalecer el di\u00e1logo y el trabajo en conjunto\u201d, concluy\u00f3.<br>Por su parte, Nicol\u00e1s Pino reflexion\u00f3: \u201cQue el gobernador haya venido a Quimil\u00ed hoy con parte de su gabinete, su vicegobernador y otros funcionarios importantes, no es algo menor\u201d.<br>Agreg\u00f3: \u201cNos llena de responsabilidad y es una muestra clara de lo que el gobierno provincial ve en los productores. Es una manera de ponerse a disposici\u00f3n tambi\u00e9n del sector productivo que, como en todos lados de la Argentina, el campo es el sector m\u00e1s competitivo y productivo, y no est\u00e1 mal decirlo una y diez veces: es el sector que m\u00e1s divisas aporta a nuestro pa\u00eds\u201d.<br>El cierre del encuentro estuvo a cargo del gobernador, quien ratific\u00f3 su voluntad de afianzar el di\u00e1logo con los sectores productivos y \u201cestablecer pol\u00edticas en conjunto que tengan que ver como la producci\u00f3n, porque tenemos bien en claro que si al productor le va bien, le va bien a la provincia\u201d.<br>\u201c Por eso tenemos claramente una visi\u00f3n, que es acompa\u00f1ar a los sectores productivos. Nuestra voluntad es esa, a pesar de que nos tocan a\u00f1os dif\u00edciles, a\u00f1os que se complican, que tienen que ver con cuestiones que hacen a que nuestra provincia deba tener una mejor visi\u00f3n sobre c\u00f3mo administrar los recursos y as\u00ed lo haremos; pero lo haremos conjuntamente con las instituciones\u201d, remarc\u00f3.<br>Sobre los alcances de este encuentro con las entidades rurales, dijo: \u201cMe voy con una agenda relacionada con los temas que se plantearon y que las compartir\u00e9 con el resto del gabinete y con otras instituciones\u201d.<br>\u201cConocemos la inquietud de nuestros productores y vamos a seguir apoy\u00e1ndolos en ese sentido\u201d, dijo Su\u00e1rez, para finalizar con un agradecimiento por la invitaci\u00f3n a esta reuni\u00f3n ampliada donde se comprometi\u00f3 a acompa\u00f1ar en todo lo que sea en favor del crecimiento de Santiago del Estero.<\/p>\n\n\n\n<figure class=\"is-layout-flex wp-block-gallery-1 wp-block-gallery has-nested-images columns-default is-cropped\">\n<figure class=\"wp-block-image size-large\"><img decoding=\"async\" loading=\"lazy\" width=\"1024\" height=\"655\" data-id=\"9021\"  src=\"https:\/\/horizontesboreal.online\/wp-content\/uploads\/2026\/04\/WhatsApp-Image-2026-04-28-at-18.14.13-1-1024x655.jpeg\" alt=\"\" class=\"wp-image-9021\" srcset=\"https:\/\/horizontesboreal.online\/wp-content\/uploads\/2026\/04\/WhatsApp-Image-2026-04-28-at-18.14.13-1-1024x655.jpeg 1024w, https:\/\/horizontesboreal.online\/wp-content\/uploads\/2026\/04\/WhatsApp-Image-2026-04-28-at-18.14.13-1-300x192.jpeg 300w, https:\/\/horizontesboreal.online\/wp-content\/uploads\/2026\/04\/WhatsApp-Image-2026-04-28-at-18.14.13-1-768x491.jpeg 768w, https:\/\/horizontesboreal.online\/wp-content\/uploads\/2026\/04\/WhatsApp-Image-2026-04-28-at-18.14.13-1.jpeg 1364w\" sizes=\"(max-width: 1024px) 100vw, 1024px\" \/><\/figure>\n<\/figure>\n\n\n\n<figure class=\"is-layout-flex wp-block-gallery-3 wp-block-gallery has-nested-images columns-default is-cropped\">\n<figure class=\"wp-block-image size-large\"><img decoding=\"async\" loading=\"lazy\" width=\"1024\" height=\"681\" data-id=\"9022\"  src=\"https:\/\/horizontesboreal.online\/wp-content\/uploads\/2026\/04\/WhatsApp-Image-2026-04-28-at-18.14.16-1-1024x681.jpeg\" alt=\"\" class=\"wp-image-9022\" srcset=\"https:\/\/horizontesboreal.online\/wp-content\/uploads\/2026\/04\/WhatsApp-Image-2026-04-28-at-18.14.16-1-1024x681.jpeg 1024w, https:\/\/horizontesboreal.online\/wp-content\/uploads\/2026\/04\/WhatsApp-Image-2026-04-28-at-18.14.16-1-300x200.jpeg 300w, https:\/\/horizontesboreal.online\/wp-content\/uploads\/2026\/04\/WhatsApp-Image-2026-04-28-at-18.14.16-1-768x511.jpeg 768w, https:\/\/horizontesboreal.online\/wp-content\/uploads\/2026\/04\/WhatsApp-Image-2026-04-28-at-18.14.16-1-1536x1021.jpeg 1536w, https:\/\/horizontesboreal.online\/wp-content\/uploads\/2026\/04\/WhatsApp-Image-2026-04-28-at-18.14.16-1-310x205.jpeg 310w, https:\/\/horizontesboreal.online\/wp-content\/uploads\/2026\/04\/WhatsApp-Image-2026-04-28-at-18.14.16-1.jpeg 1600w\" sizes=\"(max-width: 1024px) 100vw, 1024px\" \/><\/figure>\n\n\n\n<figure class=\"wp-block-image size-large\"><img decoding=\"async\" loading=\"lazy\" width=\"1024\" height=\"681\" data-id=\"9025\"  src=\"https:\/\/horizontesboreal.online\/wp-content\/uploads\/2026\/04\/WhatsApp-Image-2026-04-28-at-18.14.16-1024x681.jpeg\" alt=\"\" class=\"wp-image-9025\" srcset=\"https:\/\/horizontesboreal.online\/wp-content\/uploads\/2026\/04\/WhatsApp-Image-2026-04-28-at-18.14.16-1024x681.jpeg 1024w, https:\/\/horizontesboreal.online\/wp-content\/uploads\/2026\/04\/WhatsApp-Image-2026-04-28-at-18.14.16-300x200.jpeg 300w, https:\/\/horizontesboreal.online\/wp-content\/uploads\/2026\/04\/WhatsApp-Image-2026-04-28-at-18.14.16-768x511.jpeg 768w, https:\/\/horizontesboreal.online\/wp-content\/uploads\/2026\/04\/WhatsApp-Image-2026-04-28-at-18.14.16-1536x1021.jpeg 1536w, https:\/\/horizontesboreal.online\/wp-content\/uploads\/2026\/04\/WhatsApp-Image-2026-04-28-at-18.14.16-310x205.jpeg 310w, https:\/\/horizontesboreal.online\/wp-content\/uploads\/2026\/04\/WhatsApp-Image-2026-04-28-at-18.14.16.jpeg 1600w\" sizes=\"(max-width: 1024px) 100vw, 1024px\" \/><\/figure>\n\n\n\n<figure class=\"wp-block-image size-large\"><img decoding=\"async\" loading=\"lazy\" width=\"1024\" height=\"681\" data-id=\"9024\"  src=\"https:\/\/horizontesboreal.online\/wp-content\/uploads\/2026\/04\/WhatsApp-Image-2026-04-28-at-18.14.15-1-1024x681.jpeg\" alt=\"\" class=\"wp-image-9024\" srcset=\"https:\/\/horizontesboreal.online\/wp-content\/uploads\/2026\/04\/WhatsApp-Image-2026-04-28-at-18.14.15-1-1024x681.jpeg 1024w, https:\/\/horizontesboreal.online\/wp-content\/uploads\/2026\/04\/WhatsApp-Image-2026-04-28-at-18.14.15-1-300x200.jpeg 300w, https:\/\/horizontesboreal.online\/wp-content\/uploads\/2026\/04\/WhatsApp-Image-2026-04-28-at-18.14.15-1-768x511.jpeg 768w, https:\/\/horizontesboreal.online\/wp-content\/uploads\/2026\/04\/WhatsApp-Image-2026-04-28-at-18.14.15-1-1536x1021.jpeg 1536w, https:\/\/horizontesboreal.online\/wp-content\/uploads\/2026\/04\/WhatsApp-Image-2026-04-28-at-18.14.15-1-310x205.jpeg 310w, https:\/\/horizontesboreal.online\/wp-content\/uploads\/2026\/04\/WhatsApp-Image-2026-04-28-at-18.14.15-1.jpeg 1600w\" sizes=\"(max-width: 1024px) 100vw, 1024px\" \/><\/figure>\n\n\n\n<figure class=\"wp-block-image size-large\"><img decoding=\"async\" loading=\"lazy\" width=\"1024\" height=\"704\" data-id=\"9023\"  src=\"https:\/\/horizontesboreal.online\/wp-content\/uploads\/2026\/04\/WhatsApp-Image-2026-04-28-at-18.14.15-1024x704.jpeg\" alt=\"\" class=\"wp-image-9023\" srcset=\"https:\/\/horizontesboreal.online\/wp-content\/uploads\/2026\/04\/WhatsApp-Image-2026-04-28-at-18.14.15-1024x704.jpeg 1024w, https:\/\/horizontesboreal.online\/wp-content\/uploads\/2026\/04\/WhatsApp-Image-2026-04-28-at-18.14.15-300x206.jpeg 300w, https:\/\/horizontesboreal.online\/wp-content\/uploads\/2026\/04\/WhatsApp-Image-2026-04-28-at-18.14.15-768x528.jpeg 768w, https:\/\/horizontesboreal.online\/wp-content\/uploads\/2026\/04\/WhatsApp-Image-2026-04-28-at-18.14.15-1536x1055.jpeg 1536w, https:\/\/horizontesboreal.online\/wp-content\/uploads\/2026\/04\/WhatsApp-Image-2026-04-28-at-18.14.15-110x75.jpeg 110w, https:\/\/horizontesboreal.online\/wp-content\/uploads\/2026\/04\/WhatsApp-Image-2026-04-28-at-18.14.15.jpeg 1569w\" sizes=\"(max-width: 1024px) 100vw, 1024px\" \/><\/figure>\n<\/figure>\n\n\n\n<figure class=\"wp-block-image size-large\"><img decoding=\"async\" loading=\"lazy\" width=\"1024\" height=\"1024\" src=\"http:\/\/horizontesboreal.online\/wp-content\/uploads\/2026\/02\/WhatsApp-Image-2026-02-23-at-10.50.43-1024x1024.jpeg\" alt=\"\" class=\"wp-image-8720\" srcset=\"https:\/\/horizontesboreal.online\/wp-content\/uploads\/2026\/02\/WhatsApp-Image-2026-02-23-at-10.50.43-1024x1024.jpeg 1024w, https:\/\/horizontesboreal.online\/wp-content\/uploads\/2026\/02\/WhatsApp-Image-2026-02-23-at-10.50.43-300x300.jpeg 300w, https:\/\/horizontesboreal.online\/wp-content\/uploads\/2026\/02\/WhatsApp-Image-2026-02-23-at-10.50.43-150x150.jpeg 150w, https:\/\/horizontesboreal.online\/wp-content\/uploads\/2026\/02\/WhatsApp-Image-2026-02-23-at-10.50.43-768x768.jpeg 768w, https:\/\/horizontesboreal.online\/wp-content\/uploads\/2026\/02\/WhatsApp-Image-2026-02-23-at-10.50.43-1536x1536.jpeg 1536w, https:\/\/horizontesboreal.online\/wp-content\/uploads\/2026\/02\/WhatsApp-Image-2026-02-23-at-10.50.43.jpeg 1600w\" sizes=\"(max-width: 1024px) 100vw, 1024px\" \/><\/figure>\n\n\n\n<figure class=\"wp-block-image size-large\"><img decoding=\"async\" loading=\"lazy\" width=\"768\" height=\"1024\" src=\"http:\/\/horizontesboreal.online\/wp-content\/uploads\/2026\/03\/WhatsApp-Image-2026-03-06-at-20.52.52-768x1024.jpeg\" alt=\"\" class=\"wp-image-8814\" srcset=\"https:\/\/horizontesboreal.online\/wp-content\/uploads\/2026\/03\/WhatsApp-Image-2026-03-06-at-20.52.52-768x1025.jpeg 768w, https:\/\/horizontesboreal.online\/wp-content\/uploads\/2026\/03\/WhatsApp-Image-2026-03-06-at-20.52.52-225x300.jpeg 225w, https:\/\/horizontesboreal.online\/wp-content\/uploads\/2026\/03\/WhatsApp-Image-2026-03-06-at-20.52.52.jpeg 1024w\" sizes=\"(max-width: 768px) 100vw, 768px\" \/><\/figure>\n\n\n\n<figure class=\"wp-block-image size-large\"><img decoding=\"async\" loading=\"lazy\" width=\"575\" height=\"1024\" src=\"http:\/\/horizontesboreal.online\/wp-content\/uploads\/2026\/03\/WhatsApp-Image-2025-12-23-at-10.11.59-575x1024.jpeg\" alt=\"\" class=\"wp-image-8820\" srcset=\"https:\/\/horizontesboreal.online\/wp-content\/uploads\/2026\/03\/WhatsApp-Image-2025-12-23-at-10.11.59-575x1024.jpeg 575w, https:\/\/horizontesboreal.online\/wp-content\/uploads\/2026\/03\/WhatsApp-Image-2025-12-23-at-10.11.59-169x300.jpeg 169w, https:\/\/horizontesboreal.online\/wp-content\/uploads\/2026\/03\/WhatsApp-Image-2025-12-23-at-10.11.59-768x1367.jpeg 768w, https:\/\/horizontesboreal.online\/wp-content\/uploads\/2026\/03\/WhatsApp-Image-2025-12-23-at-10.11.59-863x1536.jpeg 863w, https:\/\/horizontesboreal.online\/wp-content\/uploads\/2026\/03\/WhatsApp-Image-2025-12-23-at-10.11.59.jpeg 899w\" sizes=\"(max-width: 575px) 100vw, 575px\" \/><\/figure>\n","protected":false},"excerpt":{"rendered":"<p>\u00abSi a la producci\u00f3n le va bien, a la provincia le va bien\u201d, expres\u00f3 el gobernador El\u00edas Su\u00e1rez durante su participaci\u00f3n en la reuni\u00f3n de comisi\u00f3n directiva ampliada de la Sociedad Rural Argentina, que se desarroll\u00f3 este martes en el predio de la Sociedad Rural del Noreste Santiague\u00f1o, ubicado en la ciudad de Quimil\u00ed. Con &hellip;<\/p>\n","protected":false},"author":4,"featured_media":9020,"comment_status":"open","ping_status":"open","sticky":false,"template":"","format":"standard","meta":[],"categories":[101],"tags":[],"yoast_head":"<!-- This site is optimized with the Yoast SEO plugin v19.9 - https:\/\/yoast.com\/wordpress\/plugins\/seo\/ -->\n<title>EL GOBERNADOR PARTICIP\u00d3 DE UNA REUNI\u00d3N CON AUTORIDADES DE LA SOCIEDAD RURAL ARGENTINA EN QUIMIL\u00cd - RADIO HORIZONTES<\/title>\n<meta name=\"robots\" content=\"index, follow, max-snippet:-1, max-image-preview:large, max-video-preview:-1\" \/>\n<link rel=\"canonical\" href=\"https:\/\/horizontesboreal.online\/?p=9019\" \/>\n<meta property=\"og:locale\" content=\"es_ES\" \/>\n<meta property=\"og:type\" content=\"article\" \/>\n<meta property=\"og:title\" content=\"EL GOBERNADOR PARTICIP\u00d3 DE UNA REUNI\u00d3N CON AUTORIDADES DE LA SOCIEDAD RURAL ARGENTINA EN QUIMIL\u00cd - RADIO HORIZONTES\" \/>\n<meta property=\"og:description\" content=\"\u00abSi a la producci\u00f3n le va bien, a la provincia le va bien\u201d, expres\u00f3 el gobernador El\u00edas Su\u00e1rez durante su participaci\u00f3n en la reuni\u00f3n de comisi\u00f3n directiva ampliada de la Sociedad Rural Argentina, que se desarroll\u00f3 este martes en el predio de la Sociedad Rural del Noreste Santiague\u00f1o, ubicado en la ciudad de Quimil\u00ed. Con &hellip;\" \/>\n<meta property=\"og:url\" content=\"https:\/\/horizontesboreal.online\/?p=9019\" \/>\n<meta property=\"og:site_name\" content=\"RADIO HORIZONTES\" \/>\n<meta property=\"article:published_time\" content=\"2026-04-30T11:09:17+00:00\" \/>\n<meta property=\"article:modified_time\" content=\"2026-04-30T11:09:18+00:00\" \/>\n<meta property=\"og:image\" content=\"http:\/\/horizontesboreal.online\/wp-content\/uploads\/2026\/04\/WhatsApp-Image-2026-04-28-at-18.14.13.jpeg\" \/>\n\t<meta property=\"og:image:width\" content=\"609\" \/>\n\t<meta property=\"og:image:height\" content=\"729\" \/>\n\t<meta property=\"og:image:type\" content=\"image\/jpeg\" \/>\n<meta name=\"author\" content=\"horizontes\" \/>\n<meta name=\"twitter:card\" content=\"summary_large_image\" \/>\n<meta name=\"twitter:label1\" content=\"Escrito por\" \/>\n\t<meta name=\"twitter:data1\" content=\"horizontes\" \/>\n\t<meta name=\"twitter:label2\" content=\"Tiempo de lectura\" \/>\n\t<meta name=\"twitter:data2\" content=\"5 minutos\" \/>\n<script type=\"application\/ld+json\" class=\"yoast-schema-graph\">{\"@context\":\"https:\/\/schema.org\",\"@graph\":[{\"@type\":\"WebPage\",\"@id\":\"https:\/\/horizontesboreal.online\/?p=9019\",\"url\":\"https:\/\/horizontesboreal.online\/?p=9019\",\"name\":\"EL GOBERNADOR PARTICIP\u00d3 DE UNA REUNI\u00d3N CON AUTORIDADES DE LA SOCIEDAD RURAL ARGENTINA EN QUIMIL\u00cd - RADIO HORIZONTES\",\"isPartOf\":{\"@id\":\"http:\/\/horizontesboreal.online\/#website\"},\"datePublished\":\"2026-04-30T11:09:17+00:00\",\"dateModified\":\"2026-04-30T11:09:18+00:00\",\"author\":{\"@id\":\"http:\/\/horizontesboreal.online\/#\/schema\/person\/3534fe0c74a5058c5b8db67609a794a0\"},\"breadcrumb\":{\"@id\":\"https:\/\/horizontesboreal.online\/?p=9019#breadcrumb\"},\"inLanguage\":\"es\",\"potentialAction\":[{\"@type\":\"ReadAction\",\"target\":[\"https:\/\/horizontesboreal.online\/?p=9019\"]}]},{\"@type\":\"BreadcrumbList\",\"@id\":\"https:\/\/horizontesboreal.online\/?p=9019#breadcrumb\",\"itemListElement\":[{\"@type\":\"ListItem\",\"position\":1,\"name\":\"Portada\",\"item\":\"http:\/\/horizontesboreal.online\/\"},{\"@type\":\"ListItem\",\"position\":2,\"name\":\"EL GOBERNADOR PARTICIP\u00d3 DE UNA REUNI\u00d3N CON AUTORIDADES DE LA SOCIEDAD RURAL ARGENTINA EN QUIMIL\u00cd\"}]},{\"@type\":\"WebSite\",\"@id\":\"http:\/\/horizontesboreal.online\/#website\",\"url\":\"http:\/\/horizontesboreal.online\/\",\"name\":\"RADIO HORIZONTES\",\"description\":\"\",\"potentialAction\":[{\"@type\":\"SearchAction\",\"target\":{\"@type\":\"EntryPoint\",\"urlTemplate\":\"http:\/\/horizontesboreal.online\/?s={search_term_string}\"},\"query-input\":\"required name=search_term_string\"}],\"inLanguage\":\"es\"},{\"@type\":\"Person\",\"@id\":\"http:\/\/horizontesboreal.online\/#\/schema\/person\/3534fe0c74a5058c5b8db67609a794a0\",\"name\":\"horizontes\",\"image\":{\"@type\":\"ImageObject\",\"inLanguage\":\"es\",\"@id\":\"http:\/\/horizontesboreal.online\/#\/schema\/person\/image\/\",\"url\":\"https:\/\/secure.gravatar.com\/avatar\/f6ee1541937ff3e68dac011173779bde?s=96&d=mm&r=g\",\"contentUrl\":\"https:\/\/secure.gravatar.com\/avatar\/f6ee1541937ff3e68dac011173779bde?s=96&d=mm&r=g\",\"caption\":\"horizontes\"},\"url\":\"https:\/\/horizontesboreal.online\/?author=4\"}]}<\/script>\n<!-- \/ Yoast SEO plugin. -->","yoast_head_json":{"title":"EL GOBERNADOR PARTICIP\u00d3 DE UNA REUNI\u00d3N CON AUTORIDADES DE LA SOCIEDAD RURAL ARGENTINA EN QUIMIL\u00cd - RADIO HORIZONTES","robots":{"index":"index","follow":"follow","max-snippet":"max-snippet:-1","max-image-preview":"max-image-preview:large","max-video-preview":"max-video-preview:-1"},"canonical":"https:\/\/horizontesboreal.online\/?p=9019","og_locale":"es_ES","og_type":"article","og_title":"EL GOBERNADOR PARTICIP\u00d3 DE UNA REUNI\u00d3N CON AUTORIDADES DE LA SOCIEDAD RURAL ARGENTINA EN QUIMIL\u00cd - RADIO HORIZONTES","og_description":"\u00abSi a la producci\u00f3n le va bien, a la provincia le va bien\u201d, expres\u00f3 el gobernador El\u00edas Su\u00e1rez durante su participaci\u00f3n en la reuni\u00f3n de comisi\u00f3n directiva ampliada de la Sociedad Rural Argentina, que se desarroll\u00f3 este martes en el predio de la Sociedad Rural del Noreste Santiague\u00f1o, ubicado en la ciudad de Quimil\u00ed. Con &hellip;","og_url":"https:\/\/horizontesboreal.online\/?p=9019","og_site_name":"RADIO HORIZONTES","article_published_time":"2026-04-30T11:09:17+00:00","article_modified_time":"2026-04-30T11:09:18+00:00","og_image":[{"width":609,"height":729,"url":"http:\/\/horizontesboreal.online\/wp-content\/uploads\/2026\/04\/WhatsApp-Image-2026-04-28-at-18.14.13.jpeg","type":"image\/jpeg"}],"author":"horizontes","twitter_card":"summary_large_image","twitter_misc":{"Escrito por":"horizontes","Tiempo de lectura":"5 minutos"},"schema":{"@context":"https:\/\/schema.org","@graph":[{"@type":"WebPage","@id":"https:\/\/horizontesboreal.online\/?p=9019","url":"https:\/\/horizontesboreal.online\/?p=9019","name":"EL GOBERNADOR PARTICIP\u00d3 DE UNA REUNI\u00d3N CON AUTORIDADES DE LA SOCIEDAD RURAL ARGENTINA EN QUIMIL\u00cd - RADIO HORIZONTES","isPartOf":{"@id":"http:\/\/horizontesboreal.online\/#website"},"datePublished":"2026-04-30T11:09:17+00:00","dateModified":"2026-04-30T11:09:18+00:00","author":{"@id":"http:\/\/horizontesboreal.online\/#\/schema\/person\/3534fe0c74a5058c5b8db67609a794a0"},"breadcrumb":{"@id":"https:\/\/horizontesboreal.online\/?p=9019#breadcrumb"},"inLanguage":"es","potentialAction":[{"@type":"ReadAction","target":["https:\/\/horizontesboreal.online\/?p=9019"]}]},{"@type":"BreadcrumbList","@id":"https:\/\/horizontesboreal.online\/?p=9019#breadcrumb","itemListElement":[{"@type":"ListItem","position":1,"name":"Portada","item":"http:\/\/horizontesboreal.online\/"},{"@type":"ListItem","position":2,"name":"EL GOBERNADOR PARTICIP\u00d3 DE UNA REUNI\u00d3N CON AUTORIDADES DE LA SOCIEDAD RURAL ARGENTINA EN QUIMIL\u00cd"}]},{"@type":"WebSite","@id":"http:\/\/horizontesboreal.online\/#website","url":"http:\/\/horizontesboreal.online\/","name":"RADIO HORIZONTES","description":"","potentialAction":[{"@type":"SearchAction","target":{"@type":"EntryPoint","urlTemplate":"http:\/\/horizontesboreal.online\/?s={search_term_string}"},"query-input":"required name=search_term_string"}],"inLanguage":"es"},{"@type":"Person","@id":"http:\/\/horizontesboreal.online\/#\/schema\/person\/3534fe0c74a5058c5b8db67609a794a0","name":"horizontes","image":{"@type":"ImageObject","inLanguage":"es","@id":"http:\/\/horizontesboreal.online\/#\/schema\/person\/image\/","url":"https:\/\/secure.gravatar.com\/avatar\/f6ee1541937ff3e68dac011173779bde?s=96&d=mm&r=g","contentUrl":"https:\/\/secure.gravatar.com\/avatar\/f6ee1541937ff3e68dac011173779bde?s=96&d=mm&r=g","caption":"horizontes"},"url":"https:\/\/horizontesboreal.online\/?author=4"}]}},"_links":{"self":[{"href":"https:\/\/horizontesboreal.online\/index.php?rest_route=\/wp\/v2\/posts\/9019"}],"collection":[{"href":"https:\/\/horizontesboreal.online\/index.php?rest_route=\/wp\/v2\/posts"}],"about":[{"href":"https:\/\/horizontesboreal.online\/index.php?rest_route=\/wp\/v2\/types\/post"}],"author":[{"embeddable":true,"href":"https:\/\/horizontesboreal.online\/index.php?rest_route=\/wp\/v2\/users\/4"}],"replies":[{"embeddable":true,"href":"https:\/\/horizontesboreal.online\/index.php?rest_route=%2Fwp%2Fv2%2Fcomments&post=9019"}],"version-history":[{"count":1,"href":"https:\/\/horizontesboreal.online\/index.php?rest_route=\/wp\/v2\/posts\/9019\/revisions"}],"predecessor-version":[{"id":9030,"href":"https:\/\/horizontesboreal.online\/index.php?rest_route=\/wp\/v2\/posts\/9019\/revisions\/9030"}],"wp:featuredmedia":[{"embeddable":true,"href":"https:\/\/horizontesboreal.online\/index.php?rest_route=\/wp\/v2\/media\/9020"}],"wp:attachment":[{"href":"https:\/\/horizontesboreal.online\/index.php?rest_route=%2Fwp%2Fv2%2Fmedia&parent=9019"}],"wp:term":[{"taxonomy":"category","embeddable":true,"href":"https:\/\/horizontesboreal.online\/index.php?rest_route=%2Fwp%2Fv2%2Fcategories&post=9019"},{"taxonomy":"post_tag","embeddable":true,"href":"https:\/\/horizontesboreal.online\/index.php?rest_route=%2Fwp%2Fv2%2Ftags&post=9019"}],"curies":[{"name":"wp","href":"https:\/\/api.w.org\/{rel}","templated":true}]}}