{"id":9031,"date":"2026-04-30T11:18:20","date_gmt":"2026-04-30T11:18:20","guid":{"rendered":"https:\/\/horizontesboreal.online\/?p=9031"},"modified":"2026-04-30T11:18:21","modified_gmt":"2026-04-30T11:18:21","slug":"el-jefe-de-gabinete-de-ministros-participo-de-los-actos-por-los-133-anos-de-clodomira-y-de-la-inauguracion-de-obras","status":"publish","type":"post","link":"https:\/\/horizontesboreal.online\/?p=9031","title":{"rendered":"EL JEFE DE GABINETE DE MINISTROS PARTICIP\u00d3 DE LOS ACTOS POR LOS 133 A\u00d1OS DE CLODOMIRA Y DE LA INAUGURACI\u00d3N DE OBRAS"},"content":{"rendered":"\n<p>El jefe de Gabinete de Ministros, V\u00edctor Araujo, particip\u00f3 este mi\u00e9rcoles por la ma\u00f1ana de los actos centrales por el 133\u00b0 aniversario de Clodomira, oportunidad en la que transmiti\u00f3 el afectuoso saludo del gobernador El\u00edas Su\u00e1rez a los vecinos de esta ciudad del departamento Banda y acompa\u00f1\u00f3 al intendente Daniel Ruiz en la entrega de viviendas sociales y la inauguraci\u00f3n de un polideportivo.<br>Tambi\u00e9n fueron parte de estas actividades los ministros de Desarrollo Social, \u00c1ngel Niccolai, y de Obras P\u00fablicas, Aldo Hid; el secretario de Obras P\u00fablicas, Jorge Zua\u00edn; el secretario de Deportes, Carlos Dapello, y el subsecretario de Turismo, Nelson Bravo, entre otras autoridades.<br>Las actividades dieron inicio en el domicilio de la familia \u00c1vila del barrio Villa Nueva, donde se hizo la entrega formal de 15 viviendas sociales ejecutadas con fondos provinciales y la colaboraci\u00f3n de la Municipalidad de Clodomira; las cooperativas de trabajo \u201cSuperando L\u00edmites\u201d, \u201cMatadero Construye\u201d y \u201cAh\u00ed Veremos\u201d, y las asociaciones civiles \u201cVecinos del B\u00b0 Mendilarzu\u201d, \u201cEsquina Pozo\u201d y \u201cPeque\u00f1os Productores Ashpa Sumaj\u201d.<br>Luego, la comitiva dej\u00f3 habilitado un amplio complejo polideportivo que cuenta con canchas de f\u00fatbol y b\u00e1squet, donde tambi\u00e9n se practicar\u00e1 v\u00f3ley, cesto, handball, taekwondo y pat\u00edn art\u00edstico, adem\u00e1s de gimnasia.<br>El acto central tuvo lugar sobre avenida Mitre, donde se hizo la presentaci\u00f3n de la Agrupaci\u00f3n 29 de Abril por parte del jefe del Ej\u00e9rcito, Diego Jes\u00fas Castro, seguida de la revista de efectivos y el saludo oficial. Luego se entonaron las estrofas del Himno Nacional Argentino y se dieron las palabras alusivas a la fecha.<br>En este marco, el intendente Ruiz hizo un balance de las obras ejecutadas y destac\u00f3 que gran parte de las realizaciones tienen relaci\u00f3n con la educaci\u00f3n y el deporte, en consonancia con el Gobierno de la provincia que asumi\u00f3 un gran compromiso con las nuevas generaciones.<br>A su turno, el jefe de Gabinete, V\u00edctor Araujo, transmiti\u00f3 los saludos del gobernador El\u00edas Su\u00e1rez y resalt\u00f3 las obras inauguradas en la ciudad y alrededores, que son posible gracias al manejo responsable de los recursos a pesar del dif\u00edcil panorama que atraviesa el pa\u00eds.<br>\u201cVisitar esta hermosa ciudad del interior de la provincia y haber vivido la inauguraci\u00f3n de viviendas sociales y de un nuevo polideportivo que cuenta con todas las comodidades que seguramente ser\u00e1 el lugar de concentraci\u00f3n de todas las actividades deportivas de la ciudad, para nosotros es enormemente gratificante. Por eso instamos a los vecinos a que sigan trabajando en ese sendero, entendiendo que la prioridad siempre tiene que ser la gente y el progreso de la ciudad\u201d, expres\u00f3.<br>El acto finaliz\u00f3 con autoridades y vecinos cantando el \u201cFeliz cumplea\u00f1os\u201d y el posterior desfile con la participaci\u00f3n de delegaciones educativas, instituciones y miembros de las fuerzas de seguridad.<\/p>\n\n\n\n<figure class=\"is-layout-flex wp-block-gallery-1 wp-block-gallery has-nested-images columns-default is-cropped\">\n<figure class=\"wp-block-image size-large\"><img decoding=\"async\" loading=\"lazy\" width=\"1024\" height=\"683\" data-id=\"9034\"  src=\"https:\/\/horizontesboreal.online\/wp-content\/uploads\/2026\/04\/WhatsApp-Image-2026-04-29-at-13.42.40-1-1024x683.jpeg\" alt=\"\" class=\"wp-image-9034\" srcset=\"https:\/\/horizontesboreal.online\/wp-content\/uploads\/2026\/04\/WhatsApp-Image-2026-04-29-at-13.42.40-1-1024x683.jpeg 1024w, https:\/\/horizontesboreal.online\/wp-content\/uploads\/2026\/04\/WhatsApp-Image-2026-04-29-at-13.42.40-1-300x200.jpeg 300w, https:\/\/horizontesboreal.online\/wp-content\/uploads\/2026\/04\/WhatsApp-Image-2026-04-29-at-13.42.40-1-768x512.jpeg 768w, https:\/\/horizontesboreal.online\/wp-content\/uploads\/2026\/04\/WhatsApp-Image-2026-04-29-at-13.42.40-1-1536x1024.jpeg 1536w, https:\/\/horizontesboreal.online\/wp-content\/uploads\/2026\/04\/WhatsApp-Image-2026-04-29-at-13.42.40-1-2048x1365.jpeg 2048w\" sizes=\"(max-width: 1024px) 100vw, 1024px\" \/><\/figure>\n\n\n\n<figure class=\"wp-block-image size-large\"><img decoding=\"async\" loading=\"lazy\" width=\"1024\" height=\"683\" data-id=\"9033\"  src=\"https:\/\/horizontesboreal.online\/wp-content\/uploads\/2026\/04\/WhatsApp-Image-2026-04-29-at-13.42.40-1024x683.jpeg\" alt=\"\" class=\"wp-image-9033\" srcset=\"https:\/\/horizontesboreal.online\/wp-content\/uploads\/2026\/04\/WhatsApp-Image-2026-04-29-at-13.42.40-1024x683.jpeg 1024w, https:\/\/horizontesboreal.online\/wp-content\/uploads\/2026\/04\/WhatsApp-Image-2026-04-29-at-13.42.40-300x200.jpeg 300w, https:\/\/horizontesboreal.online\/wp-content\/uploads\/2026\/04\/WhatsApp-Image-2026-04-29-at-13.42.40-768x512.jpeg 768w, https:\/\/horizontesboreal.online\/wp-content\/uploads\/2026\/04\/WhatsApp-Image-2026-04-29-at-13.42.40-1536x1024.jpeg 1536w, https:\/\/horizontesboreal.online\/wp-content\/uploads\/2026\/04\/WhatsApp-Image-2026-04-29-at-13.42.40-2048x1365.jpeg 2048w\" sizes=\"(max-width: 1024px) 100vw, 1024px\" \/><\/figure>\n<\/figure>\n\n\n\n<figure class=\"wp-block-image size-large\"><img decoding=\"async\" loading=\"lazy\" width=\"1024\" height=\"462\" src=\"http:\/\/horizontesboreal.online\/wp-content\/uploads\/2026\/02\/WhatsApp-Image-2026-02-23-at-11.55.23-1024x462.jpeg\" alt=\"\" class=\"wp-image-8725\" srcset=\"https:\/\/horizontesboreal.online\/wp-content\/uploads\/2026\/02\/WhatsApp-Image-2026-02-23-at-11.55.23-1024x462.jpeg 1024w, https:\/\/horizontesboreal.online\/wp-content\/uploads\/2026\/02\/WhatsApp-Image-2026-02-23-at-11.55.23-300x135.jpeg 300w, https:\/\/horizontesboreal.online\/wp-content\/uploads\/2026\/02\/WhatsApp-Image-2026-02-23-at-11.55.23-768x347.jpeg 768w, https:\/\/horizontesboreal.online\/wp-content\/uploads\/2026\/02\/WhatsApp-Image-2026-02-23-at-11.55.23-1536x693.jpeg 1536w, https:\/\/horizontesboreal.online\/wp-content\/uploads\/2026\/02\/WhatsApp-Image-2026-02-23-at-11.55.23.jpeg 1600w\" sizes=\"(max-width: 1024px) 100vw, 1024px\" \/><\/figure>\n\n\n\n<figure class=\"wp-block-image size-large\"><img decoding=\"async\" loading=\"lazy\" width=\"1024\" height=\"768\" src=\"http:\/\/horizontesboreal.online\/wp-content\/uploads\/2026\/02\/WhatsApp-Image-2026-02-23-at-11.55.24-1024x768.jpeg\" alt=\"\" class=\"wp-image-8728\" srcset=\"https:\/\/horizontesboreal.online\/wp-content\/uploads\/2026\/02\/WhatsApp-Image-2026-02-23-at-11.55.24-1024x768.jpeg 1024w, https:\/\/horizontesboreal.online\/wp-content\/uploads\/2026\/02\/WhatsApp-Image-2026-02-23-at-11.55.24-300x225.jpeg 300w, https:\/\/horizontesboreal.online\/wp-content\/uploads\/2026\/02\/WhatsApp-Image-2026-02-23-at-11.55.24-768x576.jpeg 768w, https:\/\/horizontesboreal.online\/wp-content\/uploads\/2026\/02\/WhatsApp-Image-2026-02-23-at-11.55.24.jpeg 1477w\" sizes=\"(max-width: 1024px) 100vw, 1024px\" \/><\/figure>\n\n\n\n<figure class=\"wp-block-image size-large\"><img decoding=\"async\" loading=\"lazy\" width=\"768\" height=\"1024\" src=\"http:\/\/horizontesboreal.online\/wp-content\/uploads\/2026\/03\/WhatsApp-Image-2026-03-06-at-20.52.52-768x1024.jpeg\" alt=\"\" class=\"wp-image-8814\" srcset=\"https:\/\/horizontesboreal.online\/wp-content\/uploads\/2026\/03\/WhatsApp-Image-2026-03-06-at-20.52.52-768x1025.jpeg 768w, https:\/\/horizontesboreal.online\/wp-content\/uploads\/2026\/03\/WhatsApp-Image-2026-03-06-at-20.52.52-225x300.jpeg 225w, https:\/\/horizontesboreal.online\/wp-content\/uploads\/2026\/03\/WhatsApp-Image-2026-03-06-at-20.52.52.jpeg 1024w\" sizes=\"(max-width: 768px) 100vw, 768px\" \/><\/figure>\n\n\n\n<figure class=\"wp-block-image size-large\"><img decoding=\"async\" loading=\"lazy\" width=\"575\" height=\"1024\" src=\"http:\/\/horizontesboreal.online\/wp-content\/uploads\/2026\/03\/WhatsApp-Image-2025-12-23-at-10.11.59-575x1024.jpeg\" alt=\"\" class=\"wp-image-8820\" srcset=\"https:\/\/horizontesboreal.online\/wp-content\/uploads\/2026\/03\/WhatsApp-Image-2025-12-23-at-10.11.59-575x1024.jpeg 575w, https:\/\/horizontesboreal.online\/wp-content\/uploads\/2026\/03\/WhatsApp-Image-2025-12-23-at-10.11.59-169x300.jpeg 169w, https:\/\/horizontesboreal.online\/wp-content\/uploads\/2026\/03\/WhatsApp-Image-2025-12-23-at-10.11.59-768x1367.jpeg 768w, https:\/\/horizontesboreal.online\/wp-content\/uploads\/2026\/03\/WhatsApp-Image-2025-12-23-at-10.11.59-863x1536.jpeg 863w, https:\/\/horizontesboreal.online\/wp-content\/uploads\/2026\/03\/WhatsApp-Image-2025-12-23-at-10.11.59.jpeg 899w\" sizes=\"(max-width: 575px) 100vw, 575px\" \/><\/figure>\n","protected":false},"excerpt":{"rendered":"<p>El jefe de Gabinete de Ministros, V\u00edctor Araujo, particip\u00f3 este mi\u00e9rcoles por la ma\u00f1ana de los actos centrales por el 133\u00b0 aniversario de Clodomira, oportunidad en la que transmiti\u00f3 el afectuoso saludo del gobernador El\u00edas Su\u00e1rez a los vecinos de esta ciudad del departamento Banda y acompa\u00f1\u00f3 al intendente Daniel Ruiz en la entrega de &hellip;<\/p>\n","protected":false},"author":4,"featured_media":9032,"comment_status":"open","ping_status":"open","sticky":false,"template":"","format":"standard","meta":[],"categories":[101],"tags":[],"yoast_head":"<!-- This site is optimized with the Yoast SEO plugin v19.9 - https:\/\/yoast.com\/wordpress\/plugins\/seo\/ -->\n<title>EL JEFE DE GABINETE DE MINISTROS PARTICIP\u00d3 DE LOS ACTOS POR LOS 133 A\u00d1OS DE CLODOMIRA Y DE LA INAUGURACI\u00d3N DE OBRAS - RADIO HORIZONTES<\/title>\n<meta name=\"robots\" content=\"index, follow, max-snippet:-1, max-image-preview:large, max-video-preview:-1\" \/>\n<link rel=\"canonical\" href=\"https:\/\/horizontesboreal.online\/?p=9031\" \/>\n<meta property=\"og:locale\" content=\"es_ES\" \/>\n<meta property=\"og:type\" content=\"article\" \/>\n<meta property=\"og:title\" content=\"EL JEFE DE GABINETE DE MINISTROS PARTICIP\u00d3 DE LOS ACTOS POR LOS 133 A\u00d1OS DE CLODOMIRA Y DE LA INAUGURACI\u00d3N DE OBRAS - RADIO HORIZONTES\" \/>\n<meta property=\"og:description\" content=\"El jefe de Gabinete de Ministros, V\u00edctor Araujo, particip\u00f3 este mi\u00e9rcoles por la ma\u00f1ana de los actos centrales por el 133\u00b0 aniversario de Clodomira, oportunidad en la que transmiti\u00f3 el afectuoso saludo del gobernador El\u00edas Su\u00e1rez a los vecinos de esta ciudad del departamento Banda y acompa\u00f1\u00f3 al intendente Daniel Ruiz en la entrega de &hellip;\" \/>\n<meta property=\"og:url\" content=\"https:\/\/horizontesboreal.online\/?p=9031\" \/>\n<meta property=\"og:site_name\" content=\"RADIO HORIZONTES\" \/>\n<meta property=\"article:published_time\" content=\"2026-04-30T11:18:20+00:00\" \/>\n<meta property=\"article:modified_time\" content=\"2026-04-30T11:18:21+00:00\" \/>\n<meta property=\"og:image\" content=\"http:\/\/horizontesboreal.online\/wp-content\/uploads\/2026\/04\/WhatsApp-Image-2026-04-29-at-13.42.39-scaled.jpeg\" \/>\n\t<meta property=\"og:image:width\" content=\"2560\" \/>\n\t<meta property=\"og:image:height\" content=\"1706\" \/>\n\t<meta property=\"og:image:type\" content=\"image\/jpeg\" \/>\n<meta name=\"author\" content=\"horizontes\" \/>\n<meta name=\"twitter:card\" content=\"summary_large_image\" \/>\n<meta name=\"twitter:label1\" content=\"Escrito por\" \/>\n\t<meta name=\"twitter:data1\" content=\"horizontes\" \/>\n\t<meta name=\"twitter:label2\" content=\"Tiempo de lectura\" \/>\n\t<meta name=\"twitter:data2\" content=\"4 minutos\" \/>\n<script type=\"application\/ld+json\" class=\"yoast-schema-graph\">{\"@context\":\"https:\/\/schema.org\",\"@graph\":[{\"@type\":\"WebPage\",\"@id\":\"https:\/\/horizontesboreal.online\/?p=9031\",\"url\":\"https:\/\/horizontesboreal.online\/?p=9031\",\"name\":\"EL JEFE DE GABINETE DE MINISTROS PARTICIP\u00d3 DE LOS ACTOS POR LOS 133 A\u00d1OS DE CLODOMIRA Y DE LA INAUGURACI\u00d3N DE OBRAS - RADIO HORIZONTES\",\"isPartOf\":{\"@id\":\"http:\/\/horizontesboreal.online\/#website\"},\"datePublished\":\"2026-04-30T11:18:20+00:00\",\"dateModified\":\"2026-04-30T11:18:21+00:00\",\"author\":{\"@id\":\"http:\/\/horizontesboreal.online\/#\/schema\/person\/3534fe0c74a5058c5b8db67609a794a0\"},\"breadcrumb\":{\"@id\":\"https:\/\/horizontesboreal.online\/?p=9031#breadcrumb\"},\"inLanguage\":\"es\",\"potentialAction\":[{\"@type\":\"ReadAction\",\"target\":[\"https:\/\/horizontesboreal.online\/?p=9031\"]}]},{\"@type\":\"BreadcrumbList\",\"@id\":\"https:\/\/horizontesboreal.online\/?p=9031#breadcrumb\",\"itemListElement\":[{\"@type\":\"ListItem\",\"position\":1,\"name\":\"Portada\",\"item\":\"http:\/\/horizontesboreal.online\/\"},{\"@type\":\"ListItem\",\"position\":2,\"name\":\"EL JEFE DE GABINETE DE MINISTROS PARTICIP\u00d3 DE LOS ACTOS POR LOS 133 A\u00d1OS DE CLODOMIRA Y DE LA INAUGURACI\u00d3N DE OBRAS\"}]},{\"@type\":\"WebSite\",\"@id\":\"http:\/\/horizontesboreal.online\/#website\",\"url\":\"http:\/\/horizontesboreal.online\/\",\"name\":\"RADIO HORIZONTES\",\"description\":\"\",\"potentialAction\":[{\"@type\":\"SearchAction\",\"target\":{\"@type\":\"EntryPoint\",\"urlTemplate\":\"http:\/\/horizontesboreal.online\/?s={search_term_string}\"},\"query-input\":\"required name=search_term_string\"}],\"inLanguage\":\"es\"},{\"@type\":\"Person\",\"@id\":\"http:\/\/horizontesboreal.online\/#\/schema\/person\/3534fe0c74a5058c5b8db67609a794a0\",\"name\":\"horizontes\",\"image\":{\"@type\":\"ImageObject\",\"inLanguage\":\"es\",\"@id\":\"http:\/\/horizontesboreal.online\/#\/schema\/person\/image\/\",\"url\":\"https:\/\/secure.gravatar.com\/avatar\/f6ee1541937ff3e68dac011173779bde?s=96&d=mm&r=g\",\"contentUrl\":\"https:\/\/secure.gravatar.com\/avatar\/f6ee1541937ff3e68dac011173779bde?s=96&d=mm&r=g\",\"caption\":\"horizontes\"},\"url\":\"https:\/\/horizontesboreal.online\/?author=4\"}]}<\/script>\n<!-- \/ Yoast SEO plugin. -->","yoast_head_json":{"title":"EL JEFE DE GABINETE DE MINISTROS PARTICIP\u00d3 DE LOS ACTOS POR LOS 133 A\u00d1OS DE CLODOMIRA Y DE LA INAUGURACI\u00d3N DE OBRAS - RADIO HORIZONTES","robots":{"index":"index","follow":"follow","max-snippet":"max-snippet:-1","max-image-preview":"max-image-preview:large","max-video-preview":"max-video-preview:-1"},"canonical":"https:\/\/horizontesboreal.online\/?p=9031","og_locale":"es_ES","og_type":"article","og_title":"EL JEFE DE GABINETE DE MINISTROS PARTICIP\u00d3 DE LOS ACTOS POR LOS 133 A\u00d1OS DE CLODOMIRA Y DE LA INAUGURACI\u00d3N DE OBRAS - RADIO HORIZONTES","og_description":"El jefe de Gabinete de Ministros, V\u00edctor Araujo, particip\u00f3 este mi\u00e9rcoles por la ma\u00f1ana de los actos centrales por el 133\u00b0 aniversario de Clodomira, oportunidad en la que transmiti\u00f3 el afectuoso saludo del gobernador El\u00edas Su\u00e1rez a los vecinos de esta ciudad del departamento Banda y acompa\u00f1\u00f3 al intendente Daniel Ruiz en la entrega de &hellip;","og_url":"https:\/\/horizontesboreal.online\/?p=9031","og_site_name":"RADIO HORIZONTES","article_published_time":"2026-04-30T11:18:20+00:00","article_modified_time":"2026-04-30T11:18:21+00:00","og_image":[{"width":2560,"height":1706,"url":"http:\/\/horizontesboreal.online\/wp-content\/uploads\/2026\/04\/WhatsApp-Image-2026-04-29-at-13.42.39-scaled.jpeg","type":"image\/jpeg"}],"author":"horizontes","twitter_card":"summary_large_image","twitter_misc":{"Escrito por":"horizontes","Tiempo de lectura":"4 minutos"},"schema":{"@context":"https:\/\/schema.org","@graph":[{"@type":"WebPage","@id":"https:\/\/horizontesboreal.online\/?p=9031","url":"https:\/\/horizontesboreal.online\/?p=9031","name":"EL JEFE DE GABINETE DE MINISTROS PARTICIP\u00d3 DE LOS ACTOS POR LOS 133 A\u00d1OS DE CLODOMIRA Y DE LA INAUGURACI\u00d3N DE OBRAS - RADIO HORIZONTES","isPartOf":{"@id":"http:\/\/horizontesboreal.online\/#website"},"datePublished":"2026-04-30T11:18:20+00:00","dateModified":"2026-04-30T11:18:21+00:00","author":{"@id":"http:\/\/horizontesboreal.online\/#\/schema\/person\/3534fe0c74a5058c5b8db67609a794a0"},"breadcrumb":{"@id":"https:\/\/horizontesboreal.online\/?p=9031#breadcrumb"},"inLanguage":"es","potentialAction":[{"@type":"ReadAction","target":["https:\/\/horizontesboreal.online\/?p=9031"]}]},{"@type":"BreadcrumbList","@id":"https:\/\/horizontesboreal.online\/?p=9031#breadcrumb","itemListElement":[{"@type":"ListItem","position":1,"name":"Portada","item":"http:\/\/horizontesboreal.online\/"},{"@type":"ListItem","position":2,"name":"EL JEFE DE GABINETE DE MINISTROS PARTICIP\u00d3 DE LOS ACTOS POR LOS 133 A\u00d1OS DE CLODOMIRA Y DE LA INAUGURACI\u00d3N DE OBRAS"}]},{"@type":"WebSite","@id":"http:\/\/horizontesboreal.online\/#website","url":"http:\/\/horizontesboreal.online\/","name":"RADIO HORIZONTES","description":"","potentialAction":[{"@type":"SearchAction","target":{"@type":"EntryPoint","urlTemplate":"http:\/\/horizontesboreal.online\/?s={search_term_string}"},"query-input":"required name=search_term_string"}],"inLanguage":"es"},{"@type":"Person","@id":"http:\/\/horizontesboreal.online\/#\/schema\/person\/3534fe0c74a5058c5b8db67609a794a0","name":"horizontes","image":{"@type":"ImageObject","inLanguage":"es","@id":"http:\/\/horizontesboreal.online\/#\/schema\/person\/image\/","url":"https:\/\/secure.gravatar.com\/avatar\/f6ee1541937ff3e68dac011173779bde?s=96&d=mm&r=g","contentUrl":"https:\/\/secure.gravatar.com\/avatar\/f6ee1541937ff3e68dac011173779bde?s=96&d=mm&r=g","caption":"horizontes"},"url":"https:\/\/horizontesboreal.online\/?author=4"}]}},"_links":{"self":[{"href":"https:\/\/horizontesboreal.online\/index.php?rest_route=\/wp\/v2\/posts\/9031"}],"collection":[{"href":"https:\/\/horizontesboreal.online\/index.php?rest_route=\/wp\/v2\/posts"}],"about":[{"href":"https:\/\/horizontesboreal.online\/index.php?rest_route=\/wp\/v2\/types\/post"}],"author":[{"embeddable":true,"href":"https:\/\/horizontesboreal.online\/index.php?rest_route=\/wp\/v2\/users\/4"}],"replies":[{"embeddable":true,"href":"https:\/\/horizontesboreal.online\/index.php?rest_route=%2Fwp%2Fv2%2Fcomments&post=9031"}],"version-history":[{"count":1,"href":"https:\/\/horizontesboreal.online\/index.php?rest_route=\/wp\/v2\/posts\/9031\/revisions"}],"predecessor-version":[{"id":9035,"href":"https:\/\/horizontesboreal.online\/index.php?rest_route=\/wp\/v2\/posts\/9031\/revisions\/9035"}],"wp:featuredmedia":[{"embeddable":true,"href":"https:\/\/horizontesboreal.online\/index.php?rest_route=\/wp\/v2\/media\/9032"}],"wp:attachment":[{"href":"https:\/\/horizontesboreal.online\/index.php?rest_route=%2Fwp%2Fv2%2Fmedia&parent=9031"}],"wp:term":[{"taxonomy":"category","embeddable":true,"href":"https:\/\/horizontesboreal.online\/index.php?rest_route=%2Fwp%2Fv2%2Fcategories&post=9031"},{"taxonomy":"post_tag","embeddable":true,"href":"https:\/\/horizontesboreal.online\/index.php?rest_route=%2Fwp%2Fv2%2Ftags&post=9031"}],"curies":[{"name":"wp","href":"https:\/\/api.w.org\/{rel}","templated":true}]}}