{"id":9036,"date":"2026-04-30T11:21:42","date_gmt":"2026-04-30T11:21:42","guid":{"rendered":"https:\/\/horizontesboreal.online\/?p=9036"},"modified":"2026-04-30T11:21:44","modified_gmt":"2026-04-30T11:21:44","slug":"estudiantes-de-loreto-y-anatuya-visitaron-casa-de-gobierno","status":"publish","type":"post","link":"https:\/\/horizontesboreal.online\/?p=9036","title":{"rendered":"ESTUDIANTES DE LORETO Y A\u00d1ATUYA VISITARON CASA DE GOBIERNO"},"content":{"rendered":"\n<p>El jefe de Gabinete de Ministros, V\u00edctor Araujo, recibi\u00f3 en Casa de Gobierno en representaci\u00f3n del gobernador El\u00edas Su\u00e1rez a estudiantes del Colegio \u201cVirgen de Loreto\u201d de la ciudad de Loreto, y del Instituto \u201cSan Alfonso de Ligorio\u201d de A\u00f1atuya, departamento Taboada.<br>El encuentro se realiz\u00f3 en el Sal\u00f3n de Acuerdos donde las delegaciones estuvieron acompa\u00f1adas por docentes y el coordinador del programa \u201cConociendo mi provincia\u201d, Silvio Villalba, oportunidad en la que docentes y alumnos se\u00f1alaron que este viaje es una experiencia enriquecedora que favorece la uni\u00f3n entre distintas comunidades educativas y permite a los j\u00f3venes conocer m\u00e1s de cerca el funcionamiento de las instituciones de la provincia.<br>Este programa hace posible que estudiantes del interior que cursan el \u00faltimo a\u00f1o del secundario realicen un recorrido por la ciudad Capital, Las Termas de R\u00edo Hondo y Villa La Punta, en el cual podr\u00e1n conocer sitios hist\u00f3ricos, espacios culturales, tur\u00edsticos, deportivos e instituciones del Estado.<br>En este contexto, el jefe de Gabinete, les transmiti\u00f3 el saludo del gobernador y destac\u00f3 las bondades del programa, porque adem\u00e1s de establecer nuevos lazos, tambi\u00e9n se constituye en una nueva forma de aprendizaje vivencial.<br>\u201cOjal\u00e1 que hayan disfrutado esta experiencia y que tambi\u00e9n les haya servido para aprender\u201d, dijo Araujo, para luego celebrar el perfil del programa dirigido especialmente a los chicos del interior sin ning\u00fan tipo de distinci\u00f3n.<\/p>\n\n\n\n<figure class=\"wp-block-image size-large\"><img decoding=\"async\" loading=\"lazy\" width=\"1024\" height=\"462\" src=\"http:\/\/horizontesboreal.online\/wp-content\/uploads\/2026\/02\/WhatsApp-Image-2026-02-23-at-11.55.23-1024x462.jpeg\" alt=\"\" class=\"wp-image-8725\" srcset=\"https:\/\/horizontesboreal.online\/wp-content\/uploads\/2026\/02\/WhatsApp-Image-2026-02-23-at-11.55.23-1024x462.jpeg 1024w, https:\/\/horizontesboreal.online\/wp-content\/uploads\/2026\/02\/WhatsApp-Image-2026-02-23-at-11.55.23-300x135.jpeg 300w, https:\/\/horizontesboreal.online\/wp-content\/uploads\/2026\/02\/WhatsApp-Image-2026-02-23-at-11.55.23-768x347.jpeg 768w, https:\/\/horizontesboreal.online\/wp-content\/uploads\/2026\/02\/WhatsApp-Image-2026-02-23-at-11.55.23-1536x693.jpeg 1536w, https:\/\/horizontesboreal.online\/wp-content\/uploads\/2026\/02\/WhatsApp-Image-2026-02-23-at-11.55.23.jpeg 1600w\" sizes=\"(max-width: 1024px) 100vw, 1024px\" \/><\/figure>\n\n\n\n<figure class=\"wp-block-image size-large\"><img decoding=\"async\" loading=\"lazy\" width=\"768\" height=\"1024\" src=\"http:\/\/horizontesboreal.online\/wp-content\/uploads\/2026\/03\/WhatsApp-Image-2026-03-06-at-20.52.52-768x1024.jpeg\" alt=\"\" class=\"wp-image-8814\" srcset=\"https:\/\/horizontesboreal.online\/wp-content\/uploads\/2026\/03\/WhatsApp-Image-2026-03-06-at-20.52.52-768x1025.jpeg 768w, https:\/\/horizontesboreal.online\/wp-content\/uploads\/2026\/03\/WhatsApp-Image-2026-03-06-at-20.52.52-225x300.jpeg 225w, https:\/\/horizontesboreal.online\/wp-content\/uploads\/2026\/03\/WhatsApp-Image-2026-03-06-at-20.52.52.jpeg 1024w\" sizes=\"(max-width: 768px) 100vw, 768px\" \/><\/figure>\n\n\n\n<figure class=\"wp-block-image size-large\"><img decoding=\"async\" loading=\"lazy\" width=\"575\" height=\"1024\" src=\"http:\/\/horizontesboreal.online\/wp-content\/uploads\/2026\/03\/WhatsApp-Image-2025-12-23-at-10.11.59-575x1024.jpeg\" alt=\"\" class=\"wp-image-8820\" srcset=\"https:\/\/horizontesboreal.online\/wp-content\/uploads\/2026\/03\/WhatsApp-Image-2025-12-23-at-10.11.59-575x1024.jpeg 575w, https:\/\/horizontesboreal.online\/wp-content\/uploads\/2026\/03\/WhatsApp-Image-2025-12-23-at-10.11.59-169x300.jpeg 169w, https:\/\/horizontesboreal.online\/wp-content\/uploads\/2026\/03\/WhatsApp-Image-2025-12-23-at-10.11.59-768x1367.jpeg 768w, https:\/\/horizontesboreal.online\/wp-content\/uploads\/2026\/03\/WhatsApp-Image-2025-12-23-at-10.11.59-863x1536.jpeg 863w, https:\/\/horizontesboreal.online\/wp-content\/uploads\/2026\/03\/WhatsApp-Image-2025-12-23-at-10.11.59.jpeg 899w\" sizes=\"(max-width: 575px) 100vw, 575px\" \/><\/figure>\n","protected":false},"excerpt":{"rendered":"<p>El jefe de Gabinete de Ministros, V\u00edctor Araujo, recibi\u00f3 en Casa de Gobierno en representaci\u00f3n del gobernador El\u00edas Su\u00e1rez a estudiantes del Colegio \u201cVirgen de Loreto\u201d de la ciudad de Loreto, y del Instituto \u201cSan Alfonso de Ligorio\u201d de A\u00f1atuya, departamento Taboada.El encuentro se realiz\u00f3 en el Sal\u00f3n de Acuerdos donde las delegaciones estuvieron acompa\u00f1adas &hellip;<\/p>\n","protected":false},"author":4,"featured_media":9037,"comment_status":"open","ping_status":"open","sticky":false,"template":"","format":"standard","meta":[],"categories":[101],"tags":[],"yoast_head":"<!-- This site is optimized with the Yoast SEO plugin v19.9 - https:\/\/yoast.com\/wordpress\/plugins\/seo\/ -->\n<title>ESTUDIANTES DE LORETO Y A\u00d1ATUYA VISITARON CASA DE GOBIERNO - RADIO HORIZONTES<\/title>\n<meta name=\"robots\" content=\"index, follow, max-snippet:-1, max-image-preview:large, max-video-preview:-1\" \/>\n<link rel=\"canonical\" href=\"https:\/\/horizontesboreal.online\/?p=9036\" \/>\n<meta property=\"og:locale\" content=\"es_ES\" \/>\n<meta property=\"og:type\" content=\"article\" \/>\n<meta property=\"og:title\" content=\"ESTUDIANTES DE LORETO Y A\u00d1ATUYA VISITARON CASA DE GOBIERNO - RADIO HORIZONTES\" \/>\n<meta property=\"og:description\" content=\"El jefe de Gabinete de Ministros, V\u00edctor Araujo, recibi\u00f3 en Casa de Gobierno en representaci\u00f3n del gobernador El\u00edas Su\u00e1rez a estudiantes del Colegio \u201cVirgen de Loreto\u201d de la ciudad de Loreto, y del Instituto \u201cSan Alfonso de Ligorio\u201d de A\u00f1atuya, departamento Taboada.El encuentro se realiz\u00f3 en el Sal\u00f3n de Acuerdos donde las delegaciones estuvieron acompa\u00f1adas &hellip;\" \/>\n<meta property=\"og:url\" content=\"https:\/\/horizontesboreal.online\/?p=9036\" \/>\n<meta property=\"og:site_name\" content=\"RADIO HORIZONTES\" \/>\n<meta property=\"article:published_time\" content=\"2026-04-30T11:21:42+00:00\" \/>\n<meta property=\"article:modified_time\" content=\"2026-04-30T11:21:44+00:00\" \/>\n<meta property=\"og:image\" content=\"http:\/\/horizontesboreal.online\/wp-content\/uploads\/2026\/04\/WhatsApp-Image-2026-04-29-at-14.00.49.jpeg\" \/>\n\t<meta property=\"og:image:width\" content=\"1600\" \/>\n\t<meta property=\"og:image:height\" content=\"1064\" \/>\n\t<meta property=\"og:image:type\" content=\"image\/jpeg\" \/>\n<meta name=\"author\" content=\"horizontes\" \/>\n<meta name=\"twitter:card\" content=\"summary_large_image\" \/>\n<meta name=\"twitter:label1\" content=\"Escrito por\" \/>\n\t<meta name=\"twitter:data1\" content=\"horizontes\" \/>\n\t<meta name=\"twitter:label2\" content=\"Tiempo de lectura\" \/>\n\t<meta name=\"twitter:data2\" content=\"2 minutos\" \/>\n<script type=\"application\/ld+json\" class=\"yoast-schema-graph\">{\"@context\":\"https:\/\/schema.org\",\"@graph\":[{\"@type\":\"WebPage\",\"@id\":\"https:\/\/horizontesboreal.online\/?p=9036\",\"url\":\"https:\/\/horizontesboreal.online\/?p=9036\",\"name\":\"ESTUDIANTES DE LORETO Y A\u00d1ATUYA VISITARON CASA DE GOBIERNO - RADIO HORIZONTES\",\"isPartOf\":{\"@id\":\"http:\/\/horizontesboreal.online\/#website\"},\"datePublished\":\"2026-04-30T11:21:42+00:00\",\"dateModified\":\"2026-04-30T11:21:44+00:00\",\"author\":{\"@id\":\"http:\/\/horizontesboreal.online\/#\/schema\/person\/3534fe0c74a5058c5b8db67609a794a0\"},\"breadcrumb\":{\"@id\":\"https:\/\/horizontesboreal.online\/?p=9036#breadcrumb\"},\"inLanguage\":\"es\",\"potentialAction\":[{\"@type\":\"ReadAction\",\"target\":[\"https:\/\/horizontesboreal.online\/?p=9036\"]}]},{\"@type\":\"BreadcrumbList\",\"@id\":\"https:\/\/horizontesboreal.online\/?p=9036#breadcrumb\",\"itemListElement\":[{\"@type\":\"ListItem\",\"position\":1,\"name\":\"Portada\",\"item\":\"http:\/\/horizontesboreal.online\/\"},{\"@type\":\"ListItem\",\"position\":2,\"name\":\"ESTUDIANTES DE LORETO Y A\u00d1ATUYA VISITARON CASA DE GOBIERNO\"}]},{\"@type\":\"WebSite\",\"@id\":\"http:\/\/horizontesboreal.online\/#website\",\"url\":\"http:\/\/horizontesboreal.online\/\",\"name\":\"RADIO HORIZONTES\",\"description\":\"\",\"potentialAction\":[{\"@type\":\"SearchAction\",\"target\":{\"@type\":\"EntryPoint\",\"urlTemplate\":\"http:\/\/horizontesboreal.online\/?s={search_term_string}\"},\"query-input\":\"required name=search_term_string\"}],\"inLanguage\":\"es\"},{\"@type\":\"Person\",\"@id\":\"http:\/\/horizontesboreal.online\/#\/schema\/person\/3534fe0c74a5058c5b8db67609a794a0\",\"name\":\"horizontes\",\"image\":{\"@type\":\"ImageObject\",\"inLanguage\":\"es\",\"@id\":\"http:\/\/horizontesboreal.online\/#\/schema\/person\/image\/\",\"url\":\"https:\/\/secure.gravatar.com\/avatar\/f6ee1541937ff3e68dac011173779bde?s=96&d=mm&r=g\",\"contentUrl\":\"https:\/\/secure.gravatar.com\/avatar\/f6ee1541937ff3e68dac011173779bde?s=96&d=mm&r=g\",\"caption\":\"horizontes\"},\"url\":\"https:\/\/horizontesboreal.online\/?author=4\"}]}<\/script>\n<!-- \/ Yoast SEO plugin. -->","yoast_head_json":{"title":"ESTUDIANTES DE LORETO Y A\u00d1ATUYA VISITARON CASA DE GOBIERNO - RADIO HORIZONTES","robots":{"index":"index","follow":"follow","max-snippet":"max-snippet:-1","max-image-preview":"max-image-preview:large","max-video-preview":"max-video-preview:-1"},"canonical":"https:\/\/horizontesboreal.online\/?p=9036","og_locale":"es_ES","og_type":"article","og_title":"ESTUDIANTES DE LORETO Y A\u00d1ATUYA VISITARON CASA DE GOBIERNO - RADIO HORIZONTES","og_description":"El jefe de Gabinete de Ministros, V\u00edctor Araujo, recibi\u00f3 en Casa de Gobierno en representaci\u00f3n del gobernador El\u00edas Su\u00e1rez a estudiantes del Colegio \u201cVirgen de Loreto\u201d de la ciudad de Loreto, y del Instituto \u201cSan Alfonso de Ligorio\u201d de A\u00f1atuya, departamento Taboada.El encuentro se realiz\u00f3 en el Sal\u00f3n de Acuerdos donde las delegaciones estuvieron acompa\u00f1adas &hellip;","og_url":"https:\/\/horizontesboreal.online\/?p=9036","og_site_name":"RADIO HORIZONTES","article_published_time":"2026-04-30T11:21:42+00:00","article_modified_time":"2026-04-30T11:21:44+00:00","og_image":[{"width":1600,"height":1064,"url":"http:\/\/horizontesboreal.online\/wp-content\/uploads\/2026\/04\/WhatsApp-Image-2026-04-29-at-14.00.49.jpeg","type":"image\/jpeg"}],"author":"horizontes","twitter_card":"summary_large_image","twitter_misc":{"Escrito por":"horizontes","Tiempo de lectura":"2 minutos"},"schema":{"@context":"https:\/\/schema.org","@graph":[{"@type":"WebPage","@id":"https:\/\/horizontesboreal.online\/?p=9036","url":"https:\/\/horizontesboreal.online\/?p=9036","name":"ESTUDIANTES DE LORETO Y A\u00d1ATUYA VISITARON CASA DE GOBIERNO - RADIO HORIZONTES","isPartOf":{"@id":"http:\/\/horizontesboreal.online\/#website"},"datePublished":"2026-04-30T11:21:42+00:00","dateModified":"2026-04-30T11:21:44+00:00","author":{"@id":"http:\/\/horizontesboreal.online\/#\/schema\/person\/3534fe0c74a5058c5b8db67609a794a0"},"breadcrumb":{"@id":"https:\/\/horizontesboreal.online\/?p=9036#breadcrumb"},"inLanguage":"es","potentialAction":[{"@type":"ReadAction","target":["https:\/\/horizontesboreal.online\/?p=9036"]}]},{"@type":"BreadcrumbList","@id":"https:\/\/horizontesboreal.online\/?p=9036#breadcrumb","itemListElement":[{"@type":"ListItem","position":1,"name":"Portada","item":"http:\/\/horizontesboreal.online\/"},{"@type":"ListItem","position":2,"name":"ESTUDIANTES DE LORETO Y A\u00d1ATUYA VISITARON CASA DE GOBIERNO"}]},{"@type":"WebSite","@id":"http:\/\/horizontesboreal.online\/#website","url":"http:\/\/horizontesboreal.online\/","name":"RADIO HORIZONTES","description":"","potentialAction":[{"@type":"SearchAction","target":{"@type":"EntryPoint","urlTemplate":"http:\/\/horizontesboreal.online\/?s={search_term_string}"},"query-input":"required name=search_term_string"}],"inLanguage":"es"},{"@type":"Person","@id":"http:\/\/horizontesboreal.online\/#\/schema\/person\/3534fe0c74a5058c5b8db67609a794a0","name":"horizontes","image":{"@type":"ImageObject","inLanguage":"es","@id":"http:\/\/horizontesboreal.online\/#\/schema\/person\/image\/","url":"https:\/\/secure.gravatar.com\/avatar\/f6ee1541937ff3e68dac011173779bde?s=96&d=mm&r=g","contentUrl":"https:\/\/secure.gravatar.com\/avatar\/f6ee1541937ff3e68dac011173779bde?s=96&d=mm&r=g","caption":"horizontes"},"url":"https:\/\/horizontesboreal.online\/?author=4"}]}},"_links":{"self":[{"href":"https:\/\/horizontesboreal.online\/index.php?rest_route=\/wp\/v2\/posts\/9036"}],"collection":[{"href":"https:\/\/horizontesboreal.online\/index.php?rest_route=\/wp\/v2\/posts"}],"about":[{"href":"https:\/\/horizontesboreal.online\/index.php?rest_route=\/wp\/v2\/types\/post"}],"author":[{"embeddable":true,"href":"https:\/\/horizontesboreal.online\/index.php?rest_route=\/wp\/v2\/users\/4"}],"replies":[{"embeddable":true,"href":"https:\/\/horizontesboreal.online\/index.php?rest_route=%2Fwp%2Fv2%2Fcomments&post=9036"}],"version-history":[{"count":1,"href":"https:\/\/horizontesboreal.online\/index.php?rest_route=\/wp\/v2\/posts\/9036\/revisions"}],"predecessor-version":[{"id":9038,"href":"https:\/\/horizontesboreal.online\/index.php?rest_route=\/wp\/v2\/posts\/9036\/revisions\/9038"}],"wp:featuredmedia":[{"embeddable":true,"href":"https:\/\/horizontesboreal.online\/index.php?rest_route=\/wp\/v2\/media\/9037"}],"wp:attachment":[{"href":"https:\/\/horizontesboreal.online\/index.php?rest_route=%2Fwp%2Fv2%2Fmedia&parent=9036"}],"wp:term":[{"taxonomy":"category","embeddable":true,"href":"https:\/\/horizontesboreal.online\/index.php?rest_route=%2Fwp%2Fv2%2Fcategories&post=9036"},{"taxonomy":"post_tag","embeddable":true,"href":"https:\/\/horizontesboreal.online\/index.php?rest_route=%2Fwp%2Fv2%2Ftags&post=9036"}],"curies":[{"name":"wp","href":"https:\/\/api.w.org\/{rel}","templated":true}]}}