{"id":9039,"date":"2026-04-30T11:27:22","date_gmt":"2026-04-30T11:27:22","guid":{"rendered":"https:\/\/horizontesboreal.online\/?p=9039"},"modified":"2026-04-30T11:27:24","modified_gmt":"2026-04-30T11:27:24","slug":"el-ministerio-de-educacion-ciencia-y-tecnologia-de-la-provincia-y-la-universidad-nacional-de-santiago-del-estero-universidad-nacional-de-santiago-del-estero-firmaron-un-convenio-especifico-de-colab","status":"publish","type":"post","link":"https:\/\/horizontesboreal.online\/?p=9039","title":{"rendered":"El Ministerio de Educaci\u00f3n, Ciencia y Tecnolog\u00eda de la Provincia y la Universidad Nacional de Santiago del Estero (Universidad Nacional de Santiago del Estero) firmaron un Convenio Espec\u00edfico de Colaboraci\u00f3n Acad\u00e9mica que ampl\u00eda oportunidades de formaci\u00f3n para egresados y egresadas de la Tecnicatura Superior en Enfermer\u00eda."},"content":{"rendered":"\n<p>El acuerdo, rubricado por la ministra Dra. Mariela Nassif y el rector Lic. Marcelino Ledesma, permitir\u00e1 a t\u00e9cnicos superiores en Enfermer\u00eda de instituciones p\u00fablicas y privadas acceder al segundo ciclo de la Licenciatura en Enfermer\u00eda de la UNSE, fortaleciendo la profesionalizaci\u00f3n y jerarquizaci\u00f3n de la formaci\u00f3n en salud.<\/p>\n\n\n\n<p>Esta articulaci\u00f3n reafirma el compromiso de seguir ampliando oportunidades educativas y fortaleciendo la calidad de la formaci\u00f3n profesional en la provincia.<\/p>\n\n\n\n<figure class=\"is-layout-flex wp-block-gallery-1 wp-block-gallery has-nested-images columns-default is-cropped\">\n<figure class=\"wp-block-image size-large\"><img decoding=\"async\" loading=\"lazy\" width=\"1024\" height=\"683\" data-id=\"9042\"  src=\"https:\/\/horizontesboreal.online\/wp-content\/uploads\/2026\/04\/WhatsApp-Image-2026-04-29-at-18.52.32-1024x683.jpeg\" alt=\"\" class=\"wp-image-9042\" srcset=\"https:\/\/horizontesboreal.online\/wp-content\/uploads\/2026\/04\/WhatsApp-Image-2026-04-29-at-18.52.32-1024x683.jpeg 1024w, https:\/\/horizontesboreal.online\/wp-content\/uploads\/2026\/04\/WhatsApp-Image-2026-04-29-at-18.52.32-300x200.jpeg 300w, https:\/\/horizontesboreal.online\/wp-content\/uploads\/2026\/04\/WhatsApp-Image-2026-04-29-at-18.52.32-768x512.jpeg 768w, https:\/\/horizontesboreal.online\/wp-content\/uploads\/2026\/04\/WhatsApp-Image-2026-04-29-at-18.52.32-1536x1024.jpeg 1536w, https:\/\/horizontesboreal.online\/wp-content\/uploads\/2026\/04\/WhatsApp-Image-2026-04-29-at-18.52.32.jpeg 1599w\" sizes=\"(max-width: 1024px) 100vw, 1024px\" \/><\/figure>\n\n\n\n<figure class=\"wp-block-image size-large\"><img decoding=\"async\" loading=\"lazy\" width=\"1024\" height=\"683\" data-id=\"9041\"  src=\"https:\/\/horizontesboreal.online\/wp-content\/uploads\/2026\/04\/WhatsApp-Image-2026-04-29-at-18.52.31-1024x683.jpeg\" alt=\"\" class=\"wp-image-9041\" srcset=\"https:\/\/horizontesboreal.online\/wp-content\/uploads\/2026\/04\/WhatsApp-Image-2026-04-29-at-18.52.31-1024x683.jpeg 1024w, https:\/\/horizontesboreal.online\/wp-content\/uploads\/2026\/04\/WhatsApp-Image-2026-04-29-at-18.52.31-300x200.jpeg 300w, https:\/\/horizontesboreal.online\/wp-content\/uploads\/2026\/04\/WhatsApp-Image-2026-04-29-at-18.52.31-768x512.jpeg 768w, https:\/\/horizontesboreal.online\/wp-content\/uploads\/2026\/04\/WhatsApp-Image-2026-04-29-at-18.52.31-1536x1024.jpeg 1536w, https:\/\/horizontesboreal.online\/wp-content\/uploads\/2026\/04\/WhatsApp-Image-2026-04-29-at-18.52.31.jpeg 1599w\" sizes=\"(max-width: 1024px) 100vw, 1024px\" \/><\/figure>\n<\/figure>\n\n\n\n<figure class=\"wp-block-image size-large\"><img decoding=\"async\" loading=\"lazy\" width=\"1024\" height=\"1024\" src=\"http:\/\/horizontesboreal.online\/wp-content\/uploads\/2026\/02\/WhatsApp-Image-2026-02-23-at-10.50.43-1024x1024.jpeg\" alt=\"\" class=\"wp-image-8720\" srcset=\"https:\/\/horizontesboreal.online\/wp-content\/uploads\/2026\/02\/WhatsApp-Image-2026-02-23-at-10.50.43-1024x1024.jpeg 1024w, https:\/\/horizontesboreal.online\/wp-content\/uploads\/2026\/02\/WhatsApp-Image-2026-02-23-at-10.50.43-300x300.jpeg 300w, https:\/\/horizontesboreal.online\/wp-content\/uploads\/2026\/02\/WhatsApp-Image-2026-02-23-at-10.50.43-150x150.jpeg 150w, https:\/\/horizontesboreal.online\/wp-content\/uploads\/2026\/02\/WhatsApp-Image-2026-02-23-at-10.50.43-768x768.jpeg 768w, https:\/\/horizontesboreal.online\/wp-content\/uploads\/2026\/02\/WhatsApp-Image-2026-02-23-at-10.50.43-1536x1536.jpeg 1536w, https:\/\/horizontesboreal.online\/wp-content\/uploads\/2026\/02\/WhatsApp-Image-2026-02-23-at-10.50.43.jpeg 1600w\" sizes=\"(max-width: 1024px) 100vw, 1024px\" \/><\/figure>\n\n\n\n<figure class=\"wp-block-image size-large\"><img decoding=\"async\" loading=\"lazy\" width=\"1024\" height=\"618\" src=\"http:\/\/horizontesboreal.online\/wp-content\/uploads\/2026\/02\/WhatsApp-Image-2026-02-23-at-11.55.23-3-1024x618.jpeg\" alt=\"\" class=\"wp-image-8726\" srcset=\"https:\/\/horizontesboreal.online\/wp-content\/uploads\/2026\/02\/WhatsApp-Image-2026-02-23-at-11.55.23-3-1024x618.jpeg 1024w, https:\/\/horizontesboreal.online\/wp-content\/uploads\/2026\/02\/WhatsApp-Image-2026-02-23-at-11.55.23-3-300x181.jpeg 300w, https:\/\/horizontesboreal.online\/wp-content\/uploads\/2026\/02\/WhatsApp-Image-2026-02-23-at-11.55.23-3-768x464.jpeg 768w, https:\/\/horizontesboreal.online\/wp-content\/uploads\/2026\/02\/WhatsApp-Image-2026-02-23-at-11.55.23-3-1536x927.jpeg 1536w, https:\/\/horizontesboreal.online\/wp-content\/uploads\/2026\/02\/WhatsApp-Image-2026-02-23-at-11.55.23-3.jpeg 1600w\" sizes=\"(max-width: 1024px) 100vw, 1024px\" \/><\/figure>\n\n\n\n<figure class=\"wp-block-image size-large\"><img decoding=\"async\" loading=\"lazy\" width=\"768\" height=\"1024\" src=\"http:\/\/horizontesboreal.online\/wp-content\/uploads\/2026\/03\/WhatsApp-Image-2026-03-06-at-20.52.52-768x1024.jpeg\" alt=\"\" class=\"wp-image-8814\" srcset=\"https:\/\/horizontesboreal.online\/wp-content\/uploads\/2026\/03\/WhatsApp-Image-2026-03-06-at-20.52.52-768x1025.jpeg 768w, https:\/\/horizontesboreal.online\/wp-content\/uploads\/2026\/03\/WhatsApp-Image-2026-03-06-at-20.52.52-225x300.jpeg 225w, https:\/\/horizontesboreal.online\/wp-content\/uploads\/2026\/03\/WhatsApp-Image-2026-03-06-at-20.52.52.jpeg 1024w\" sizes=\"(max-width: 768px) 100vw, 768px\" \/><\/figure>\n\n\n\n<figure class=\"wp-block-image size-large\"><img decoding=\"async\" loading=\"lazy\" width=\"575\" height=\"1024\" src=\"http:\/\/horizontesboreal.online\/wp-content\/uploads\/2026\/03\/WhatsApp-Image-2025-12-23-at-10.11.59-575x1024.jpeg\" alt=\"\" class=\"wp-image-8820\" srcset=\"https:\/\/horizontesboreal.online\/wp-content\/uploads\/2026\/03\/WhatsApp-Image-2025-12-23-at-10.11.59-575x1024.jpeg 575w, https:\/\/horizontesboreal.online\/wp-content\/uploads\/2026\/03\/WhatsApp-Image-2025-12-23-at-10.11.59-169x300.jpeg 169w, https:\/\/horizontesboreal.online\/wp-content\/uploads\/2026\/03\/WhatsApp-Image-2025-12-23-at-10.11.59-768x1367.jpeg 768w, https:\/\/horizontesboreal.online\/wp-content\/uploads\/2026\/03\/WhatsApp-Image-2025-12-23-at-10.11.59-863x1536.jpeg 863w, https:\/\/horizontesboreal.online\/wp-content\/uploads\/2026\/03\/WhatsApp-Image-2025-12-23-at-10.11.59.jpeg 899w\" sizes=\"(max-width: 575px) 100vw, 575px\" \/><\/figure>\n","protected":false},"excerpt":{"rendered":"<p>El acuerdo, rubricado por la ministra Dra. Mariela Nassif y el rector Lic. Marcelino Ledesma, permitir\u00e1 a t\u00e9cnicos superiores en Enfermer\u00eda de instituciones p\u00fablicas y privadas acceder al segundo ciclo de la Licenciatura en Enfermer\u00eda de la UNSE, fortaleciendo la profesionalizaci\u00f3n y jerarquizaci\u00f3n de la formaci\u00f3n en salud. Esta articulaci\u00f3n reafirma el compromiso de seguir &hellip;<\/p>\n","protected":false},"author":4,"featured_media":9040,"comment_status":"open","ping_status":"open","sticky":false,"template":"","format":"standard","meta":[],"categories":[101],"tags":[],"yoast_head":"<!-- This site is optimized with the Yoast SEO plugin v19.9 - https:\/\/yoast.com\/wordpress\/plugins\/seo\/ -->\n<title>El Ministerio de Educaci\u00f3n, Ciencia y Tecnolog\u00eda de la Provincia y la Universidad Nacional de Santiago del Estero (Universidad Nacional de Santiago del Estero) firmaron un Convenio Espec\u00edfico de Colaboraci\u00f3n Acad\u00e9mica que ampl\u00eda oportunidades de formaci\u00f3n para egresados y egresadas de la Tecnicatura Superior en Enfermer\u00eda. - RADIO HORIZONTES<\/title>\n<meta name=\"robots\" content=\"index, follow, max-snippet:-1, max-image-preview:large, max-video-preview:-1\" \/>\n<link rel=\"canonical\" href=\"https:\/\/horizontesboreal.online\/?p=9039\" \/>\n<meta property=\"og:locale\" content=\"es_ES\" \/>\n<meta property=\"og:type\" content=\"article\" \/>\n<meta property=\"og:title\" content=\"El Ministerio de Educaci\u00f3n, Ciencia y Tecnolog\u00eda de la Provincia y la Universidad Nacional de Santiago del Estero (Universidad Nacional de Santiago del Estero) firmaron un Convenio Espec\u00edfico de Colaboraci\u00f3n Acad\u00e9mica que ampl\u00eda oportunidades de formaci\u00f3n para egresados y egresadas de la Tecnicatura Superior en Enfermer\u00eda. - RADIO HORIZONTES\" \/>\n<meta property=\"og:description\" content=\"El acuerdo, rubricado por la ministra Dra. Mariela Nassif y el rector Lic. Marcelino Ledesma, permitir\u00e1 a t\u00e9cnicos superiores en Enfermer\u00eda de instituciones p\u00fablicas y privadas acceder al segundo ciclo de la Licenciatura en Enfermer\u00eda de la UNSE, fortaleciendo la profesionalizaci\u00f3n y jerarquizaci\u00f3n de la formaci\u00f3n en salud. Esta articulaci\u00f3n reafirma el compromiso de seguir &hellip;\" \/>\n<meta property=\"og:url\" content=\"https:\/\/horizontesboreal.online\/?p=9039\" \/>\n<meta property=\"og:site_name\" content=\"RADIO HORIZONTES\" \/>\n<meta property=\"article:published_time\" content=\"2026-04-30T11:27:22+00:00\" \/>\n<meta property=\"article:modified_time\" content=\"2026-04-30T11:27:24+00:00\" \/>\n<meta property=\"og:image\" content=\"http:\/\/horizontesboreal.online\/wp-content\/uploads\/2026\/04\/WhatsApp-Image-2026-04-29-at-18.52.32-1.jpeg\" \/>\n\t<meta property=\"og:image:width\" content=\"1599\" \/>\n\t<meta property=\"og:image:height\" content=\"1066\" \/>\n\t<meta property=\"og:image:type\" content=\"image\/jpeg\" \/>\n<meta name=\"author\" content=\"horizontes\" \/>\n<meta name=\"twitter:card\" content=\"summary_large_image\" \/>\n<meta name=\"twitter:label1\" content=\"Escrito por\" \/>\n\t<meta name=\"twitter:data1\" content=\"horizontes\" \/>\n\t<meta name=\"twitter:label2\" content=\"Tiempo de lectura\" \/>\n\t<meta name=\"twitter:data2\" content=\"2 minutos\" \/>\n<script type=\"application\/ld+json\" class=\"yoast-schema-graph\">{\"@context\":\"https:\/\/schema.org\",\"@graph\":[{\"@type\":\"WebPage\",\"@id\":\"https:\/\/horizontesboreal.online\/?p=9039\",\"url\":\"https:\/\/horizontesboreal.online\/?p=9039\",\"name\":\"El Ministerio de Educaci\u00f3n, Ciencia y Tecnolog\u00eda de la Provincia y la Universidad Nacional de Santiago del Estero (Universidad Nacional de Santiago del Estero) firmaron un Convenio Espec\u00edfico de Colaboraci\u00f3n Acad\u00e9mica que ampl\u00eda oportunidades de formaci\u00f3n para egresados y egresadas de la Tecnicatura Superior en Enfermer\u00eda. - RADIO HORIZONTES\",\"isPartOf\":{\"@id\":\"http:\/\/horizontesboreal.online\/#website\"},\"datePublished\":\"2026-04-30T11:27:22+00:00\",\"dateModified\":\"2026-04-30T11:27:24+00:00\",\"author\":{\"@id\":\"http:\/\/horizontesboreal.online\/#\/schema\/person\/3534fe0c74a5058c5b8db67609a794a0\"},\"breadcrumb\":{\"@id\":\"https:\/\/horizontesboreal.online\/?p=9039#breadcrumb\"},\"inLanguage\":\"es\",\"potentialAction\":[{\"@type\":\"ReadAction\",\"target\":[\"https:\/\/horizontesboreal.online\/?p=9039\"]}]},{\"@type\":\"BreadcrumbList\",\"@id\":\"https:\/\/horizontesboreal.online\/?p=9039#breadcrumb\",\"itemListElement\":[{\"@type\":\"ListItem\",\"position\":1,\"name\":\"Portada\",\"item\":\"http:\/\/horizontesboreal.online\/\"},{\"@type\":\"ListItem\",\"position\":2,\"name\":\"El Ministerio de Educaci\u00f3n, Ciencia y Tecnolog\u00eda de la Provincia y la Universidad Nacional de Santiago del Estero (Universidad Nacional de Santiago del Estero) firmaron un Convenio Espec\u00edfico de Colaboraci\u00f3n Acad\u00e9mica que ampl\u00eda oportunidades de formaci\u00f3n para egresados y egresadas de la Tecnicatura Superior en Enfermer\u00eda.\"}]},{\"@type\":\"WebSite\",\"@id\":\"http:\/\/horizontesboreal.online\/#website\",\"url\":\"http:\/\/horizontesboreal.online\/\",\"name\":\"RADIO HORIZONTES\",\"description\":\"\",\"potentialAction\":[{\"@type\":\"SearchAction\",\"target\":{\"@type\":\"EntryPoint\",\"urlTemplate\":\"http:\/\/horizontesboreal.online\/?s={search_term_string}\"},\"query-input\":\"required name=search_term_string\"}],\"inLanguage\":\"es\"},{\"@type\":\"Person\",\"@id\":\"http:\/\/horizontesboreal.online\/#\/schema\/person\/3534fe0c74a5058c5b8db67609a794a0\",\"name\":\"horizontes\",\"image\":{\"@type\":\"ImageObject\",\"inLanguage\":\"es\",\"@id\":\"http:\/\/horizontesboreal.online\/#\/schema\/person\/image\/\",\"url\":\"https:\/\/secure.gravatar.com\/avatar\/f6ee1541937ff3e68dac011173779bde?s=96&d=mm&r=g\",\"contentUrl\":\"https:\/\/secure.gravatar.com\/avatar\/f6ee1541937ff3e68dac011173779bde?s=96&d=mm&r=g\",\"caption\":\"horizontes\"},\"url\":\"https:\/\/horizontesboreal.online\/?author=4\"}]}<\/script>\n<!-- \/ Yoast SEO plugin. -->","yoast_head_json":{"title":"El Ministerio de Educaci\u00f3n, Ciencia y Tecnolog\u00eda de la Provincia y la Universidad Nacional de Santiago del Estero (Universidad Nacional de Santiago del Estero) firmaron un Convenio Espec\u00edfico de Colaboraci\u00f3n Acad\u00e9mica que ampl\u00eda oportunidades de formaci\u00f3n para egresados y egresadas de la Tecnicatura Superior en Enfermer\u00eda. - RADIO HORIZONTES","robots":{"index":"index","follow":"follow","max-snippet":"max-snippet:-1","max-image-preview":"max-image-preview:large","max-video-preview":"max-video-preview:-1"},"canonical":"https:\/\/horizontesboreal.online\/?p=9039","og_locale":"es_ES","og_type":"article","og_title":"El Ministerio de Educaci\u00f3n, Ciencia y Tecnolog\u00eda de la Provincia y la Universidad Nacional de Santiago del Estero (Universidad Nacional de Santiago del Estero) firmaron un Convenio Espec\u00edfico de Colaboraci\u00f3n Acad\u00e9mica que ampl\u00eda oportunidades de formaci\u00f3n para egresados y egresadas de la Tecnicatura Superior en Enfermer\u00eda. - RADIO HORIZONTES","og_description":"El acuerdo, rubricado por la ministra Dra. Mariela Nassif y el rector Lic. Marcelino Ledesma, permitir\u00e1 a t\u00e9cnicos superiores en Enfermer\u00eda de instituciones p\u00fablicas y privadas acceder al segundo ciclo de la Licenciatura en Enfermer\u00eda de la UNSE, fortaleciendo la profesionalizaci\u00f3n y jerarquizaci\u00f3n de la formaci\u00f3n en salud. Esta articulaci\u00f3n reafirma el compromiso de seguir &hellip;","og_url":"https:\/\/horizontesboreal.online\/?p=9039","og_site_name":"RADIO HORIZONTES","article_published_time":"2026-04-30T11:27:22+00:00","article_modified_time":"2026-04-30T11:27:24+00:00","og_image":[{"width":1599,"height":1066,"url":"http:\/\/horizontesboreal.online\/wp-content\/uploads\/2026\/04\/WhatsApp-Image-2026-04-29-at-18.52.32-1.jpeg","type":"image\/jpeg"}],"author":"horizontes","twitter_card":"summary_large_image","twitter_misc":{"Escrito por":"horizontes","Tiempo de lectura":"2 minutos"},"schema":{"@context":"https:\/\/schema.org","@graph":[{"@type":"WebPage","@id":"https:\/\/horizontesboreal.online\/?p=9039","url":"https:\/\/horizontesboreal.online\/?p=9039","name":"El Ministerio de Educaci\u00f3n, Ciencia y Tecnolog\u00eda de la Provincia y la Universidad Nacional de Santiago del Estero (Universidad Nacional de Santiago del Estero) firmaron un Convenio Espec\u00edfico de Colaboraci\u00f3n Acad\u00e9mica que ampl\u00eda oportunidades de formaci\u00f3n para egresados y egresadas de la Tecnicatura Superior en Enfermer\u00eda. - RADIO HORIZONTES","isPartOf":{"@id":"http:\/\/horizontesboreal.online\/#website"},"datePublished":"2026-04-30T11:27:22+00:00","dateModified":"2026-04-30T11:27:24+00:00","author":{"@id":"http:\/\/horizontesboreal.online\/#\/schema\/person\/3534fe0c74a5058c5b8db67609a794a0"},"breadcrumb":{"@id":"https:\/\/horizontesboreal.online\/?p=9039#breadcrumb"},"inLanguage":"es","potentialAction":[{"@type":"ReadAction","target":["https:\/\/horizontesboreal.online\/?p=9039"]}]},{"@type":"BreadcrumbList","@id":"https:\/\/horizontesboreal.online\/?p=9039#breadcrumb","itemListElement":[{"@type":"ListItem","position":1,"name":"Portada","item":"http:\/\/horizontesboreal.online\/"},{"@type":"ListItem","position":2,"name":"El Ministerio de Educaci\u00f3n, Ciencia y Tecnolog\u00eda de la Provincia y la Universidad Nacional de Santiago del Estero (Universidad Nacional de Santiago del Estero) firmaron un Convenio Espec\u00edfico de Colaboraci\u00f3n Acad\u00e9mica que ampl\u00eda oportunidades de formaci\u00f3n para egresados y egresadas de la Tecnicatura Superior en Enfermer\u00eda."}]},{"@type":"WebSite","@id":"http:\/\/horizontesboreal.online\/#website","url":"http:\/\/horizontesboreal.online\/","name":"RADIO HORIZONTES","description":"","potentialAction":[{"@type":"SearchAction","target":{"@type":"EntryPoint","urlTemplate":"http:\/\/horizontesboreal.online\/?s={search_term_string}"},"query-input":"required name=search_term_string"}],"inLanguage":"es"},{"@type":"Person","@id":"http:\/\/horizontesboreal.online\/#\/schema\/person\/3534fe0c74a5058c5b8db67609a794a0","name":"horizontes","image":{"@type":"ImageObject","inLanguage":"es","@id":"http:\/\/horizontesboreal.online\/#\/schema\/person\/image\/","url":"https:\/\/secure.gravatar.com\/avatar\/f6ee1541937ff3e68dac011173779bde?s=96&d=mm&r=g","contentUrl":"https:\/\/secure.gravatar.com\/avatar\/f6ee1541937ff3e68dac011173779bde?s=96&d=mm&r=g","caption":"horizontes"},"url":"https:\/\/horizontesboreal.online\/?author=4"}]}},"_links":{"self":[{"href":"https:\/\/horizontesboreal.online\/index.php?rest_route=\/wp\/v2\/posts\/9039"}],"collection":[{"href":"https:\/\/horizontesboreal.online\/index.php?rest_route=\/wp\/v2\/posts"}],"about":[{"href":"https:\/\/horizontesboreal.online\/index.php?rest_route=\/wp\/v2\/types\/post"}],"author":[{"embeddable":true,"href":"https:\/\/horizontesboreal.online\/index.php?rest_route=\/wp\/v2\/users\/4"}],"replies":[{"embeddable":true,"href":"https:\/\/horizontesboreal.online\/index.php?rest_route=%2Fwp%2Fv2%2Fcomments&post=9039"}],"version-history":[{"count":1,"href":"https:\/\/horizontesboreal.online\/index.php?rest_route=\/wp\/v2\/posts\/9039\/revisions"}],"predecessor-version":[{"id":9043,"href":"https:\/\/horizontesboreal.online\/index.php?rest_route=\/wp\/v2\/posts\/9039\/revisions\/9043"}],"wp:featuredmedia":[{"embeddable":true,"href":"https:\/\/horizontesboreal.online\/index.php?rest_route=\/wp\/v2\/media\/9040"}],"wp:attachment":[{"href":"https:\/\/horizontesboreal.online\/index.php?rest_route=%2Fwp%2Fv2%2Fmedia&parent=9039"}],"wp:term":[{"taxonomy":"category","embeddable":true,"href":"https:\/\/horizontesboreal.online\/index.php?rest_route=%2Fwp%2Fv2%2Fcategories&post=9039"},{"taxonomy":"post_tag","embeddable":true,"href":"https:\/\/horizontesboreal.online\/index.php?rest_route=%2Fwp%2Fv2%2Ftags&post=9039"}],"curies":[{"name":"wp","href":"https:\/\/api.w.org\/{rel}","templated":true}]}}